{"id":16981,"date":"2025-08-27T12:05:11","date_gmt":"2025-08-27T18:05:11","guid":{"rendered":"https:\/\/fge.oaxaca.gob.mx\/?post_type=noticias&amp;p=9866"},"modified":"2025-08-27T12:05:11","modified_gmt":"2025-08-27T18:05:11","slug":"boletin-1696-obtiene-fgeo-vinculacion-a-proceso-contra-cuatro-detenidos-por-drogas-durante-cateo-realizado-en-la-region-de-la-costa","status":"publish","type":"noticias","link":"https:\/\/portal.fgeo.gob.mx\/index.php\/archivos\/noticias\/boletin-1696-obtiene-fgeo-vinculacion-a-proceso-contra-cuatro-detenidos-por-drogas-durante-cateo-realizado-en-la-region-de-la-costa","title":{"rendered":"BOLET\u00cdN 1,696.- Obtiene FGEO vinculaci\u00f3n a proceso contra cuatro detenidos por drogas durante cateo realizado en la regi\u00f3n de la Costa"},"content":{"rendered":"<p><strong>Oaxaca de Ju\u00e1rez, Oax. 27 de agosto de 2025.- <\/strong>La Fiscal\u00eda General del Estado de Oaxaca (FGEO) obtuvo auto de vinculaci\u00f3n a proceso en contra de cuatro personas del sexo masculino identificadas como H.L.P., M.E.L.P., B.U.L.P. y D.L.P., por el delito contra la salud en agravio de la sociedad, en hechos cometidos en el municipio de Santiago Xanica, en l\u00edmites con el distrito de Miahuatl\u00e1n de Porfirio D\u00edaz.<\/p>\n<p>La detenci\u00f3n de los cuatro imputados se realiz\u00f3 durante una movilizaci\u00f3n policial encabezada por elementos de la Agencia Estatal de Investigaciones (AEI) de la Vicefiscal\u00eda Regional de la Costa, con apoyo de elementos de la Secretar\u00eda de la Defensa Nacional (DEFENSA), as\u00ed como de la Secretar\u00eda de la Marina (SEMAR) y de la Guardia Nacional (GN) as\u00ed como la Polic\u00eda Estatal, que se efectu\u00f3 en un domicilio conocido dentro del municipio de Santiago Xanica en la regi\u00f3n de la Costa, lugar donde lograron el aseguramiento de una arma de fuego tipo escopeta con cartuchos \u00fatiles, adem\u00e1s de drogas conocidas como marihuana, coca\u00edna y cristal.<\/p>\n<p>Una vez asegurado el inmueble, los elementos policiales marcaron como indicios los objetos asegurados para integrarlos a las investigaciones ministeriales, mientras que los cuatro detenidos fueron trasladados a las oficinas de la Vicefiscal\u00eda Regional de la Costa para su certificaci\u00f3n y puesta a disposici\u00f3n.<\/p>\n<p>Derivado de los datos de prueba aportados por la Fiscal\u00eda de Oaxaca, el Juez en turno determin\u00f3 vincular a proceso a H.L.P., M.E.L.P., B.U.L.P. y D.L.P., por el delito contra la salud, adem\u00e1s de imponer la medida cautelar de prisi\u00f3n preventiva y otorgar cuatro meses para el cierre de investigaci\u00f3n complementaria.<\/p>\n<p>Las labores de inteligencia que realiza la Fiscal\u00eda de Oaxaca para dar mayor certeza a las investigaciones ministeriales por diversos delitos, permiten fortalecer la estrategia estatal de seguridad p\u00fablica y procuraci\u00f3n de justicia a favor de la ciudadan\u00eda en las diferentes regiones de la entidad.<\/p>\n<p><img decoding=\"async\" class=\"size-medium wp-image-9867\" src=\"https:\/\/portal.fgeo.gob.mx\/wp-content\/uploads\/2025\/08\/Dise%C3%B1o-sin-t%C3%ADtulo-14-300x164.jpg\" alt=\"\" width=\"300\" height=\"164\" \/><\/p>\n","protected":false},"author":2,"featured_media":9841,"comment_status":"closed","ping_status":"closed","template":"","tags":[],"categoria_noticias":[],"class_list":["post-16981","noticias","type-noticias","status-publish","has-post-thumbnail","hentry"],"acf":[],"mb":[],"mfb_rest_fields":["title","gutenberg_elementor_mode"],"_links":{"self":[{"href":"https:\/\/portal.fgeo.gob.mx\/index.php\/wp-json\/wp\/v2\/noticias\/16981","targetHints":{"allow":["GET"]}}],"collection":[{"href":"https:\/\/portal.fgeo.gob.mx\/index.php\/wp-json\/wp\/v2\/noticias"}],"about":[{"href":"https:\/\/portal.fgeo.gob.mx\/index.php\/wp-json\/wp\/v2\/types\/noticias"}],"author":[{"embeddable":true,"href":"https:\/\/portal.fgeo.gob.mx\/index.php\/wp-json\/wp\/v2\/users\/2"}],"replies":[{"embeddable":true,"href":"https:\/\/portal.fgeo.gob.mx\/index.php\/wp-json\/wp\/v2\/comments?post=16981"}],"wp:featuredmedia":[{"embeddable":true,"href":"https:\/\/portal.fgeo.gob.mx\/index.php\/wp-json\/"}],"wp:attachment":[{"href":"https:\/\/portal.fgeo.gob.mx\/index.php\/wp-json\/wp\/v2\/media?parent=16981"}],"wp:term":[{"taxonomy":"post_tag","embeddable":true,"href":"https:\/\/portal.fgeo.gob.mx\/index.php\/wp-json\/wp\/v2\/tags?post=16981"},{"taxonomy":"categoria_noticias","embeddable":true,"href":"https:\/\/portal.fgeo.gob.mx\/index.php\/wp-json\/wp\/v2\/categoria_noticias?post=16981"}],"curies":[{"name":"wp","href":"https:\/\/api.w.org\/{rel}","templated":true}]}}