{"id":16980,"date":"2025-08-27T08:30:59","date_gmt":"2025-08-27T14:30:59","guid":{"rendered":"https:\/\/fge.oaxaca.gob.mx\/?post_type=noticias&amp;p=9863"},"modified":"2025-08-27T08:30:59","modified_gmt":"2025-08-27T14:30:59","slug":"boletin-1694-fiscalia-de-oaxaca-obtiene-vinculacion-a-proceso-de-h-m-o-alias-la-hiena-quien-es-objetivo-prioritario-del-istmo","status":"publish","type":"noticias","link":"https:\/\/portal.fgeo.gob.mx\/index.php\/archivos\/noticias\/boletin-1694-fiscalia-de-oaxaca-obtiene-vinculacion-a-proceso-de-h-m-o-alias-la-hiena-quien-es-objetivo-prioritario-del-istmo","title":{"rendered":"BOLET\u00cdN 1,695.- Fiscal\u00eda de Oaxaca obtiene vinculaci\u00f3n a proceso de H.M.O., alias \u201cLa Hiena\u201d, quien es objetivo prioritario del Istmo"},"content":{"rendered":"<p>&nbsp;<\/p>\n<p><strong>Oaxaca de Ju\u00e1rez, Oax. 27 de agosto de 2025.- <\/strong>Derivado de las labores de investigaci\u00f3n e inteligencia criminal de la Operaci\u00f3n Sable, la Fiscal\u00eda General del Estado de Oaxaca obtuvo la vinculaci\u00f3n a proceso de una mujer identificada como H.M.O., alias \u201cLa Hiena\u201d, por el delito contra la salud en su hip\u00f3tesis de narcomenudeo en su modalidad de posesi\u00f3n de metanfetamina, quien estaba considera como un objetivo prioritario al estar probablemente relacionada con una c\u00e9lula delictiva del Istmo de Tehuantepec.<\/p>\n<p>&nbsp;<\/p>\n<p>De acuerdo con la carpeta de investigaci\u00f3n, H.M.O.\u00a0 alias \u201cLa Hiena\u201d, est\u00e1 identificada como una de las principales operadoras de una c\u00e9lula delictiva de la regi\u00f3n del Istmo de Tehuantepec, por lo que la FGEO, en conjunto con la Agencia Estatal de Investigaciones (AEI) y la Vicefiscal\u00eda Regional de Valles Centrales, en colaboraci\u00f3n con la Secretar\u00eda de la Defensa Nacional (DEFENSA), Secretar\u00eda de Marina, Guardia Nacional y la Polic\u00eda Estatal, realizaron un cateo en el que fue detenida esta persona.<\/p>\n<p>&nbsp;<\/p>\n<p>Despu\u00e9s de su detenci\u00f3n H.M.O. alias \u201cLa Hiena\u201d, fue puesta a disposici\u00f3n del Ministerio P\u00fablico.<\/p>\n<p>&nbsp;<\/p>\n<p>Tras la presentaci\u00f3n de pruebas por parte de la FGEO, el Juez de la causa determin\u00f3 vincular a proceso a H.M.O., alias \u201cLa Hiena\u201d por el delito contra la salud en su hip\u00f3tesis de narcomenudeo en su modalidad de posesi\u00f3n de metanfetamina, adem\u00e1s de imponer la medida cautelar de prisi\u00f3n preventiva.<\/p>\n<p>&nbsp;<\/p>\n<p>Los trabajos de inteligencia criminal permitieron establecer la hip\u00f3tesis que H.M.O.\u00a0 alias \u201cLa Hiena\u201d, est\u00e1 probablemente relacionada con grupos criminales de la regi\u00f3n, principalmente con el que operaba desde la agencia municipal de San Luis Rey en Santo Domingo Tehuantepec.<\/p>\n<p>&nbsp;<\/p>\n<p>La FGEO est\u00e1 comprometida con realizar acciones efectivas para disminuir la incidencia delictiva en la entidad, por ello, realiza alianzas estrat\u00e9gicas que permitan acciones coordinadas con los tres niveles de gobierno con el objetivo de aumentar la efectividad y mejorar los resultados que se brindan a la ciudadan\u00eda.<\/p>\n<p><img decoding=\"async\" class=\"alignnone size-medium wp-image-9864\" src=\"https:\/\/portal.fgeo.gob.mx\/wp-content\/uploads\/2025\/08\/WhatsApp-Image-2025-08-17-at-1.09.09-PM-1-300x124.jpeg\" alt=\"\" width=\"300\" height=\"124\" \/> <img fetchpriority=\"high\" decoding=\"async\" class=\"alignnone size-medium wp-image-9865\" src=\"https:\/\/portal.fgeo.gob.mx\/wp-content\/uploads\/2025\/08\/WhatsApp-Image-2025-08-17-at-1.09.09-PM-300x193.jpeg\" alt=\"\" width=\"300\" height=\"193\" \/><\/p>\n","protected":false},"author":2,"featured_media":9841,"comment_status":"closed","ping_status":"closed","template":"","tags":[],"categoria_noticias":[],"class_list":["post-16980","noticias","type-noticias","status-publish","has-post-thumbnail","hentry"],"acf":[],"mb":[],"mfb_rest_fields":["title","gutenberg_elementor_mode"],"_links":{"self":[{"href":"https:\/\/portal.fgeo.gob.mx\/index.php\/wp-json\/wp\/v2\/noticias\/16980","targetHints":{"allow":["GET"]}}],"collection":[{"href":"https:\/\/portal.fgeo.gob.mx\/index.php\/wp-json\/wp\/v2\/noticias"}],"about":[{"href":"https:\/\/portal.fgeo.gob.mx\/index.php\/wp-json\/wp\/v2\/types\/noticias"}],"author":[{"embeddable":true,"href":"https:\/\/portal.fgeo.gob.mx\/index.php\/wp-json\/wp\/v2\/users\/2"}],"replies":[{"embeddable":true,"href":"https:\/\/portal.fgeo.gob.mx\/index.php\/wp-json\/wp\/v2\/comments?post=16980"}],"wp:featuredmedia":[{"embeddable":true,"href":"https:\/\/portal.fgeo.gob.mx\/index.php\/wp-json\/"}],"wp:attachment":[{"href":"https:\/\/portal.fgeo.gob.mx\/index.php\/wp-json\/wp\/v2\/media?parent=16980"}],"wp:term":[{"taxonomy":"post_tag","embeddable":true,"href":"https:\/\/portal.fgeo.gob.mx\/index.php\/wp-json\/wp\/v2\/tags?post=16980"},{"taxonomy":"categoria_noticias","embeddable":true,"href":"https:\/\/portal.fgeo.gob.mx\/index.php\/wp-json\/wp\/v2\/categoria_noticias?post=16980"}],"curies":[{"name":"wp","href":"https:\/\/api.w.org\/{rel}","templated":true}]}}