{"id":16979,"date":"2025-08-26T17:52:58","date_gmt":"2025-08-26T23:52:58","guid":{"rendered":"https:\/\/fge.oaxaca.gob.mx\/?post_type=noticias&amp;p=9851"},"modified":"2025-08-26T17:52:58","modified_gmt":"2025-08-26T23:52:58","slug":"boletin-1694-necesario-redefinir-funcion-social-de-profesionales-del-derecho-fiscal-bernardo-rodriguez-alamilla","status":"publish","type":"noticias","link":"https:\/\/portal.fgeo.gob.mx\/index.php\/archivos\/noticias\/boletin-1694-necesario-redefinir-funcion-social-de-profesionales-del-derecho-fiscal-bernardo-rodriguez-alamilla","title":{"rendered":"BOLET\u00cdN 1694.- \u201cNecesario redefinir funci\u00f3n social de profesionales del derecho\u201d: Fiscal Bernardo Rodr\u00edguez Alamilla"},"content":{"rendered":"<p style=\"font-weight: 400\">\n<ul>\n<li style=\"font-weight: 400\"><em>Apadrina Fiscal de Oaxaca Toma de Protesta de Segunda Generaci\u00f3n del Programa de Liderazgo Advocatus y C\u00e1tedra Prima en la Universidad An\u00e1huac<\/em><\/li>\n<\/ul>\n<p style=\"font-weight: 400\"><em>\u00a0<\/em><\/p>\n<p style=\"font-weight: 400\"><strong>Oaxaca de Ju\u00e1rez, Oax. 26 de agosto de 2025.- \u00a0<\/strong>Durante la ceremonia de toma de protesta de la \u201cSegunda Generaci\u00f3n del Programa de Liderazgo Advocatus\u201d de la Universidad An\u00e1huac Oaxaca, el Fiscal General del Estado de Oaxaca, Bernardo Rodr\u00edguez Alamilla, dijo que la importancia de este tipo de proyectos radica en que pueden redefinir la funci\u00f3n social que tienen las abogadas y abogados, pues es necesario impulsar\u00a0 un cambio de paradigma que fomente un ejercicio profesional \u00e9tico, \u00edntegro y emp\u00e1tico.<\/p>\n<p style=\"font-weight: 400\">\n<p style=\"font-weight: 400\">Acompa\u00f1ado por Carolina Mendoza Leclere, rectora de la Universidad An\u00e1huac Oaxaca; Diana Irma Rodr\u00edguez Bautista, directora general acad\u00e9mica; H\u00e9ctor Humberto V\u00e1zquez Quevedo, director de la escuela de Ciencias Jur\u00eddicas y Sociales de la Universidad An\u00e1huac; Ang\u00e9lica Mar\u00eda Guill\u00e9n G\u00f3mez, presidenta de la mesa directiva del Grupo de Liderazgo Advocatus, de la misma instituci\u00f3n educativa; el Fiscal de Oaxaca, Bernardo Rodr\u00edguez Alamilla explic\u00f3 que impulsar un desempe\u00f1o profesional \u00e9tico, especialmente entre las y los estudiantes de Derecho permite reconfigurar la pr\u00e1ctica profesional y construir cambios permanentes en el ejercicio profesional.<\/p>\n<p style=\"font-weight: 400\">\n<p style=\"font-weight: 400\">El titular de la Fiscal\u00eda General, Bernardo Rodr\u00edguez Alamilla resalt\u00f3 que la labor de quienes ejercen la abogac\u00eda es fundamental en la construcci\u00f3n de un Estado de Derecho s\u00f3lido, pues su papel es clave en materia del cumplimiento del marco legal en aspectos prioritarios como la procuraci\u00f3n de justicia y derechos humanos.<\/p>\n<p style=\"font-weight: 400\">\n<p style=\"font-weight: 400\">A\u00f1adi\u00f3 que impulsar que quienes ser\u00e1n los futuros profesionales del derecho ejerzan el trabajo profesional con un sentido \u00e9tico permitir\u00e1 romper los estigmas y prejuicios negativos que existen hacia la profesi\u00f3n pues, al realizar su trabajo con integridad, empat\u00eda y una visi\u00f3n humanista, favorecer\u00e1 un cambio de paradigma a la funci\u00f3n social de la profesi\u00f3n.<\/p>\n<p style=\"font-weight: 400\">\n<p style=\"font-weight: 400\">Rodr\u00edguez Alamilla enfatiz\u00f3 que proyectos como este, permiten llevar el trabajo m\u00e1s all\u00e1 de las aulas, \u201ceste grupo invita a la acci\u00f3n social, a llevar el conocimiento m\u00e1s all\u00e1 de la teor\u00eda para aplicarlo incluso en proyectos sociales, convirti\u00e9ndolos en agentes de cambio\u201d.<\/p>\n<p style=\"font-weight: 400\">\n<p style=\"font-weight: 400\">Por su parte, la presidenta de la mesa directiva del Grupo de Liderazgo Advocatus de la Universidad An\u00e1huac Oaxaca, Ang\u00e9lica Mar\u00eda Guill\u00e9n G\u00f3mez expres\u00f3 que las y los estudiantes de la licenciatura en Derecho que integran este grupo buscan la implementaci\u00f3n de proyectos que permitan la ejecuci\u00f3n de obras de innovaci\u00f3n social y sirvan para el beneficio de la comunidad, desde una perspectiva integral.<\/p>\n<p style=\"font-weight: 400\">\n<p style=\"font-weight: 400\">Finalmente, la rectora Carolina Mendoza Leclere se\u00f1al\u00f3 que la Universidad An\u00e1huac impulsa, desde la academia, la formaci\u00f3n de l\u00edderes de acci\u00f3n positiva, profesionales con sensibilidad humana y con la firme intenci\u00f3n de ejercer el derecho con \u00e9tica y responsabilidad.<\/p>\n<p style=\"font-weight: 400\"><img fetchpriority=\"high\" decoding=\"async\" class=\"alignnone size-medium wp-image-9852\" src=\"https:\/\/portal.fgeo.gob.mx\/wp-content\/uploads\/2025\/08\/BOLET%C3%8DN-1694.-1-300x200.jpeg\" alt=\"\" width=\"300\" height=\"200\" \/> <img decoding=\"async\" class=\"alignnone size-medium wp-image-9853\" src=\"https:\/\/portal.fgeo.gob.mx\/wp-content\/uploads\/2025\/08\/BOLET%C3%8DN-1694.-4-300x200.jpeg\" alt=\"\" width=\"300\" height=\"200\" \/> <img decoding=\"async\" class=\"alignnone size-medium wp-image-9854\" src=\"https:\/\/portal.fgeo.gob.mx\/wp-content\/uploads\/2025\/08\/BOLET%C3%8DN-1694.-3-300x200.jpeg\" alt=\"\" width=\"300\" height=\"200\" \/> <img loading=\"lazy\" decoding=\"async\" class=\"alignnone size-medium wp-image-9855\" src=\"https:\/\/portal.fgeo.gob.mx\/wp-content\/uploads\/2025\/08\/BOLET%C3%8DN-1694.-5-300x200.jpeg\" alt=\"\" width=\"300\" height=\"200\" \/> <img loading=\"lazy\" decoding=\"async\" class=\"alignnone size-medium wp-image-9856\" src=\"https:\/\/portal.fgeo.gob.mx\/wp-content\/uploads\/2025\/08\/BOLET%C3%8DN-1694.-8-300x200.jpeg\" alt=\"\" width=\"300\" height=\"200\" \/> <img loading=\"lazy\" decoding=\"async\" class=\"alignnone size-medium wp-image-9857\" src=\"https:\/\/portal.fgeo.gob.mx\/wp-content\/uploads\/2025\/08\/BOLET%C3%8DN-1694.-6-300x200.jpeg\" alt=\"\" width=\"300\" height=\"200\" \/> <img loading=\"lazy\" decoding=\"async\" class=\"alignnone size-medium wp-image-9858\" src=\"https:\/\/portal.fgeo.gob.mx\/wp-content\/uploads\/2025\/08\/BOLET%C3%8DN-1694.-2-300x200.jpeg\" alt=\"\" width=\"300\" height=\"200\" \/> <img loading=\"lazy\" decoding=\"async\" class=\"alignnone size-medium wp-image-9859\" src=\"https:\/\/portal.fgeo.gob.mx\/wp-content\/uploads\/2025\/08\/BOLET%C3%8DN-1694.-10-300x200.jpeg\" alt=\"\" width=\"300\" height=\"200\" \/> <img loading=\"lazy\" decoding=\"async\" class=\"alignnone size-medium wp-image-9860\" src=\"https:\/\/portal.fgeo.gob.mx\/wp-content\/uploads\/2025\/08\/BOLET%C3%8DN-1694.-7-300x200.jpeg\" alt=\"\" width=\"300\" height=\"200\" \/> <img loading=\"lazy\" decoding=\"async\" class=\"alignnone size-medium wp-image-9861\" src=\"https:\/\/portal.fgeo.gob.mx\/wp-content\/uploads\/2025\/08\/BOLET%C3%8DN-1694.-9-300x200.jpeg\" alt=\"\" width=\"300\" height=\"200\" \/> <img loading=\"lazy\" decoding=\"async\" class=\"alignnone size-medium wp-image-9862\" src=\"https:\/\/portal.fgeo.gob.mx\/wp-content\/uploads\/2025\/08\/BOLET%C3%8DN-1694.-11-300x200.jpeg\" alt=\"\" width=\"300\" height=\"200\" \/><\/p>\n","protected":false},"author":2,"featured_media":9841,"comment_status":"closed","ping_status":"closed","template":"","tags":[],"categoria_noticias":[],"class_list":["post-16979","noticias","type-noticias","status-publish","has-post-thumbnail","hentry"],"acf":[],"mb":[],"mfb_rest_fields":["title","gutenberg_elementor_mode"],"_links":{"self":[{"href":"https:\/\/portal.fgeo.gob.mx\/index.php\/wp-json\/wp\/v2\/noticias\/16979","targetHints":{"allow":["GET"]}}],"collection":[{"href":"https:\/\/portal.fgeo.gob.mx\/index.php\/wp-json\/wp\/v2\/noticias"}],"about":[{"href":"https:\/\/portal.fgeo.gob.mx\/index.php\/wp-json\/wp\/v2\/types\/noticias"}],"author":[{"embeddable":true,"href":"https:\/\/portal.fgeo.gob.mx\/index.php\/wp-json\/wp\/v2\/users\/2"}],"replies":[{"embeddable":true,"href":"https:\/\/portal.fgeo.gob.mx\/index.php\/wp-json\/wp\/v2\/comments?post=16979"}],"wp:featuredmedia":[{"embeddable":true,"href":"https:\/\/portal.fgeo.gob.mx\/index.php\/wp-json\/"}],"wp:attachment":[{"href":"https:\/\/portal.fgeo.gob.mx\/index.php\/wp-json\/wp\/v2\/media?parent=16979"}],"wp:term":[{"taxonomy":"post_tag","embeddable":true,"href":"https:\/\/portal.fgeo.gob.mx\/index.php\/wp-json\/wp\/v2\/tags?post=16979"},{"taxonomy":"categoria_noticias","embeddable":true,"href":"https:\/\/portal.fgeo.gob.mx\/index.php\/wp-json\/wp\/v2\/categoria_noticias?post=16979"}],"curies":[{"name":"wp","href":"https:\/\/api.w.org\/{rel}","templated":true}]}}