{"id":16978,"date":"2025-08-26T16:06:22","date_gmt":"2025-08-26T22:06:22","guid":{"rendered":"https:\/\/fge.oaxaca.gob.mx\/?post_type=noticias&amp;p=9848"},"modified":"2025-08-26T16:06:22","modified_gmt":"2025-08-26T22:06:22","slug":"boletin-1693-obtiene-fgeo-vinculacion-a-proceso-contra-tres-imputados-por-despojo-de-terreno-en-atzompa-y-logra-la-devolucion-del-inmueble-en-favor-de-las-victimas","status":"publish","type":"noticias","link":"https:\/\/portal.fgeo.gob.mx\/index.php\/archivos\/noticias\/boletin-1693-obtiene-fgeo-vinculacion-a-proceso-contra-tres-imputados-por-despojo-de-terreno-en-atzompa-y-logra-la-devolucion-del-inmueble-en-favor-de-las-victimas","title":{"rendered":"BOLET\u00cdN 1,693.- Obtiene FGEO vinculaci\u00f3n a proceso contra tres imputados por despojo de terreno en Atzompa y logra la devoluci\u00f3n del inmueble en favor de las v\u00edctimas"},"content":{"rendered":"<p>&nbsp;<\/p>\n<p><strong>Oaxaca de Ju\u00e1rez, Oax. 26 de agosto de 2025.- <\/strong>Como parte de las acciones en atenci\u00f3n a delitos patrimoniales, la Fiscal\u00eda General del Estado de Oaxaca (FGEO) obtuvo auto de vinculaci\u00f3n a proceso en contra de tres personas, imputados por el delito de despojo cometido en el municipio de Santa Mar\u00eda Atzompa, perteneciente a los Valles Centrales.<\/p>\n<p>De acuerdo con el expediente penal, se trata de dos mujeres identificadas como C.J.A., y M.E.V.J., as\u00ed como un hombre de iniciales F.V.J., imputados porque el 25 de julio de 2023, desalojaron con violencia a los propietarios del predio luego de que \u00e9stos realizar\u00e1n trabajos para delimitar su terreno ubicado en la calle R\u00edo Chiquito de la colonia Odisea de Santa Mar\u00eda Atzompa -en la zona metropolitana de Oaxaca-, que colindaba con el domicilio de los agresores.<\/p>\n<p>La investigaci\u00f3n detalla que, los imputados hab\u00edan ocupado de manera ilegal parte del terreno como camino para acceder a su domicilio, por lo que los due\u00f1os del predio contrataron una retroexcavadora para hacer una zanja y delimitar el paso, situaci\u00f3n que provoc\u00f3 molestia por parte de los agresores que, con violencia, desalojaron a las v\u00edctimas para despu\u00e9s cercar la propiedad.<\/p>\n<p>Derivado de estos hechos tras la denuncia interpuesta, la FGEO inici\u00f3 las investigaciones ministeriales a trav\u00e9s de la Vicefiscal\u00eda Regional de los Valles Centrales que reuni\u00f3 las pruebas suficientes gracias a las cuales se obtuvieron \u00f3rdenes de aprehensi\u00f3n, que fueron ejecutadas por elementos de la Agencia Estatal de Investigaciones (AEI) para despu\u00e9s presentarlos ante la autoridad competente.<\/p>\n<p>Tras el desahogo de pruebas aportadas por la FGEO y valoradas en audiencia, el Juez que atiende la causa dict\u00f3 auto de vinculaci\u00f3n a proceso en contra de C.J.A., M.E.V.J., y F.V.J., por el delito de despojo y orden\u00f3 la restituci\u00f3n del inmueble en favor de las v\u00edctimas como parte del proceso de procuraci\u00f3n de justicia.<\/p>\n<p>Para la Fiscal\u00eda de Oaxaca, la atenci\u00f3n a casos por delitos patrimoniales es prioritaria para que las v\u00edctimas tengan acceso pleno a la justicia y, como parte de ese proceso, se logre la reparaci\u00f3n del da\u00f1o a su favor.<\/p>\n<p><img fetchpriority=\"high\" decoding=\"async\" class=\"alignnone size-medium wp-image-9849\" src=\"https:\/\/portal.fgeo.gob.mx\/wp-content\/uploads\/2025\/08\/WhatsApp-Image-2025-08-26-at-3.53.22-PM-1-225x300.jpeg\" alt=\"\" width=\"225\" height=\"300\" \/> <img decoding=\"async\" class=\"alignnone size-medium wp-image-9850\" src=\"https:\/\/portal.fgeo.gob.mx\/wp-content\/uploads\/2025\/08\/WhatsApp-Image-2025-08-26-at-3.53.22-PM-225x300.jpeg\" alt=\"\" width=\"225\" height=\"300\" \/><\/p>\n","protected":false},"author":2,"featured_media":9841,"comment_status":"closed","ping_status":"closed","template":"","tags":[],"categoria_noticias":[],"class_list":["post-16978","noticias","type-noticias","status-publish","has-post-thumbnail","hentry"],"acf":[],"mb":[],"mfb_rest_fields":["title","gutenberg_elementor_mode"],"_links":{"self":[{"href":"https:\/\/portal.fgeo.gob.mx\/index.php\/wp-json\/wp\/v2\/noticias\/16978","targetHints":{"allow":["GET"]}}],"collection":[{"href":"https:\/\/portal.fgeo.gob.mx\/index.php\/wp-json\/wp\/v2\/noticias"}],"about":[{"href":"https:\/\/portal.fgeo.gob.mx\/index.php\/wp-json\/wp\/v2\/types\/noticias"}],"author":[{"embeddable":true,"href":"https:\/\/portal.fgeo.gob.mx\/index.php\/wp-json\/wp\/v2\/users\/2"}],"replies":[{"embeddable":true,"href":"https:\/\/portal.fgeo.gob.mx\/index.php\/wp-json\/wp\/v2\/comments?post=16978"}],"wp:featuredmedia":[{"embeddable":true,"href":"https:\/\/portal.fgeo.gob.mx\/index.php\/wp-json\/"}],"wp:attachment":[{"href":"https:\/\/portal.fgeo.gob.mx\/index.php\/wp-json\/wp\/v2\/media?parent=16978"}],"wp:term":[{"taxonomy":"post_tag","embeddable":true,"href":"https:\/\/portal.fgeo.gob.mx\/index.php\/wp-json\/wp\/v2\/tags?post=16978"},{"taxonomy":"categoria_noticias","embeddable":true,"href":"https:\/\/portal.fgeo.gob.mx\/index.php\/wp-json\/wp\/v2\/categoria_noticias?post=16978"}],"curies":[{"name":"wp","href":"https:\/\/api.w.org\/{rel}","templated":true}]}}