{"id":16977,"date":"2025-08-26T13:23:17","date_gmt":"2025-08-26T19:23:17","guid":{"rendered":"https:\/\/fge.oaxaca.gob.mx\/?post_type=noticias&amp;p=9846"},"modified":"2025-08-26T13:23:17","modified_gmt":"2025-08-26T19:23:17","slug":"boletin-1692-gracias-a-operacion-sable-detienen-a-una-persona-por-narcomenudeo-era-considerado-objetivo-prioritario-en-juchitan-de-zaragoza-fiscalia-de-oaxaca","status":"publish","type":"noticias","link":"https:\/\/portal.fgeo.gob.mx\/index.php\/archivos\/noticias\/boletin-1692-gracias-a-operacion-sable-detienen-a-una-persona-por-narcomenudeo-era-considerado-objetivo-prioritario-en-juchitan-de-zaragoza-fiscalia-de-oaxaca","title":{"rendered":"BOLET\u00cdN 1,692.- Gracias a Operaci\u00f3n Sable, detienen a una persona por narcomenudeo, era considerado objetivo prioritario en Juchit\u00e1n de Zaragoza: Fiscal\u00eda de Oaxaca"},"content":{"rendered":"<p style=\"font-weight: 400\">\n<p style=\"font-weight: 400\"><strong>Oaxaca de Ju\u00e1rez, Oax. 26 de agosto de 2025.-\u00a0<\/strong>Derivado de un trabajo de inteligencia efectuado mediante la Operaci\u00f3n Sable, la Fiscal\u00eda General del Estado de Oaxaca (FGEO) detuvo a una persona del sexo masculino identificada como A.S.G., alias \u201cEl Pinky\u201d, por el delito contra la salud en su modalidad de narcomenudeo, identificado como uno de los objetivos prioritarios por su probable involucramiento con c\u00e9lulas directivas en la regi\u00f3n del Istmo de Tehuantepec.<\/p>\n<p style=\"font-weight: 400\">\n<p style=\"font-weight: 400\">La detenci\u00f3n de A.S.G., deriv\u00f3 de patrullajes interinstitucionales para reforzar la seguridad en el municipio de Juchit\u00e1n de Zaragoza, acciones en las que, adem\u00e1s de la Fiscal\u00eda de Oaxaca y elementos de la Agencia Estatal de Investigaciones (AEI) adscritos la Vicefiscal\u00eda Regional del Istmo, particip\u00f3 la Secretar\u00eda de la Defensa Nacional (DEFENSA).<\/p>\n<p style=\"font-weight: 400\">\n<p style=\"font-weight: 400\">La investigaci\u00f3n detalla que, A.S.G. fue detenido tras efectuarle una revisi\u00f3n de rutina, en la que los elementos policiales hallaron entre sus pertenencias decenas de bolsas empaquetadas con la droga conocida como cristal, adem\u00e1s que, dentro de su unidad de motor (mototaxi) se le decomiso una b\u00e1scula gramera y diversos cartuchos \u00fatiles.<\/p>\n<p style=\"font-weight: 400\">\n<p style=\"font-weight: 400\">Por estos hechos, A.S.G. alias \u201cEl Pinky\u201d, fue detenido y puesto a disposici\u00f3n de la autoridad correspondiente.<\/p>\n<p style=\"font-weight: 400\">\n<p style=\"font-weight: 400\">Adem\u00e1s, que las investigaciones iniciales permitieron establecer que la persona detenida estar\u00eda relacionada con la comisi\u00f3n de diferentes conductas delictivas ligadas a c\u00e9lulas de la delincuencia organizada que tienen presencia en Juchit\u00e1n.<\/p>\n<p style=\"font-weight: 400\">\n<p style=\"font-weight: 400\">Las labores de inteligencia coordinadas con instancias estatales y de la federaci\u00f3n son fundamentales para combatir con \u00e9xito el fen\u00f3meno delictivo, por lo que la FGEO est\u00e1 comprometida a implementar acciones que contribuyan a la seguridad p\u00fablica, la impartici\u00f3n de justicia y el abatimiento de la impunidad.<\/p>\n<figure id=\"attachment_9847\" aria-describedby=\"caption-attachment-9847\" style=\"width: 300px\" class=\"wp-caption alignnone\"><img decoding=\"async\" class=\"size-medium wp-image-9847\" src=\"https:\/\/portal.fgeo.gob.mx\/wp-content\/uploads\/2025\/08\/Dise%C3%B1o-sin-t%C3%ADtulo-13-300x129.jpg\" alt=\"\" width=\"300\" height=\"129\" \/><figcaption id=\"caption-attachment-9847\" class=\"wp-caption-text\">Dise\u00f1o sin t\u00edtulo &#8211; 1<\/figcaption><\/figure>\n","protected":false},"author":2,"featured_media":9841,"comment_status":"closed","ping_status":"closed","template":"","tags":[],"categoria_noticias":[],"class_list":["post-16977","noticias","type-noticias","status-publish","has-post-thumbnail","hentry"],"acf":[],"mb":[],"mfb_rest_fields":["title","gutenberg_elementor_mode"],"_links":{"self":[{"href":"https:\/\/portal.fgeo.gob.mx\/index.php\/wp-json\/wp\/v2\/noticias\/16977","targetHints":{"allow":["GET"]}}],"collection":[{"href":"https:\/\/portal.fgeo.gob.mx\/index.php\/wp-json\/wp\/v2\/noticias"}],"about":[{"href":"https:\/\/portal.fgeo.gob.mx\/index.php\/wp-json\/wp\/v2\/types\/noticias"}],"author":[{"embeddable":true,"href":"https:\/\/portal.fgeo.gob.mx\/index.php\/wp-json\/wp\/v2\/users\/2"}],"replies":[{"embeddable":true,"href":"https:\/\/portal.fgeo.gob.mx\/index.php\/wp-json\/wp\/v2\/comments?post=16977"}],"wp:featuredmedia":[{"embeddable":true,"href":"https:\/\/portal.fgeo.gob.mx\/index.php\/wp-json\/"}],"wp:attachment":[{"href":"https:\/\/portal.fgeo.gob.mx\/index.php\/wp-json\/wp\/v2\/media?parent=16977"}],"wp:term":[{"taxonomy":"post_tag","embeddable":true,"href":"https:\/\/portal.fgeo.gob.mx\/index.php\/wp-json\/wp\/v2\/tags?post=16977"},{"taxonomy":"categoria_noticias","embeddable":true,"href":"https:\/\/portal.fgeo.gob.mx\/index.php\/wp-json\/wp\/v2\/categoria_noticias?post=16977"}],"curies":[{"name":"wp","href":"https:\/\/api.w.org\/{rel}","templated":true}]}}