{"id":16976,"date":"2025-08-26T08:30:08","date_gmt":"2025-08-26T14:30:08","guid":{"rendered":"https:\/\/fge.oaxaca.gob.mx\/?post_type=noticias&amp;p=9844"},"modified":"2025-08-26T08:30:08","modified_gmt":"2025-08-26T14:30:08","slug":"boletin-1691-fiscalia-de-oaxaca-aprehende-a-imputado-por-feminicidio-en-agravio-de-su-esposa-cometido-en-la-region-de-la-mixteca","status":"publish","type":"noticias","link":"https:\/\/portal.fgeo.gob.mx\/index.php\/archivos\/noticias\/boletin-1691-fiscalia-de-oaxaca-aprehende-a-imputado-por-feminicidio-en-agravio-de-su-esposa-cometido-en-la-region-de-la-mixteca","title":{"rendered":"BOLET\u00cdN 1,691.- Fiscal\u00eda de Oaxaca aprehende a imputado por Feminicidio en agravio de su esposa, cometido en la regi\u00f3n de la Mixteca"},"content":{"rendered":"<p>&nbsp;<\/p>\n<p><strong>Oaxaca de Ju\u00e1rez, Oax. 26 de agosto de 2025.- <\/strong>Las investigaciones con perspectiva de g\u00e9nero que realiza la Fiscal\u00eda General del Estado de Oaxaca (FGEO) permitieron realizar un trabajo efectivo gracias al cual se logr\u00f3 la detenci\u00f3n de una persona del sexo masculino identificado por las iniciales M.A.R.G., por el delito de feminicidio agravado en contra de su esposa, cometido en la regi\u00f3n de la Mixteca.<\/p>\n<p>&nbsp;<\/p>\n<p>De acuerdo con el expediente penal del caso, el detenido ten\u00eda antecedentes de ejercer comportamientos caracter\u00edsticos de la celotipia en contra de la v\u00edctima.<\/p>\n<p>&nbsp;<\/p>\n<p>Los hechos sucedieron el 31 de mayo de 2025, cuando la v\u00edctima se encontraba en su domicilio ubicado en la localidad de San Francisco Villa del municipio de Santo Tom\u00e1s Ocotepec, distrito de Tlaxiaco, sitio donde la mujer fue atacada y privada de la vida con un arma blanca, causando lesiones por las cuales perdi\u00f3 la vida.<\/p>\n<p>&nbsp;<\/p>\n<p>La investigaci\u00f3n revela que, posteriormente el cuerpo sin vida fue inhumado en el paraje Lomo Xlas, Tee, de la agencia de Francisco Villa Santo Tom\u00e1s Ocotepec, presumiblemente con la intenci\u00f3n de ocultar el delito.<\/p>\n<p>&nbsp;<\/p>\n<p>Luego de tener conocimiento de los hechos, la Fiscal\u00eda de Oaxaca inici\u00f3 las investigaciones correspondientes, lo que permiti\u00f3 identificar y aprehender a M.A.R.G., quien fue presentado ante la Vicefiscal\u00eda Regional de la Mixteca donde qued\u00f3 a disposici\u00f3n de la autoridad ministerial correspondiente.<\/p>\n<p>&nbsp;<\/p>\n<p>En cualquier caso de violencia contra mujeres, la Fiscal\u00eda General del Estado de Oaxaca realiza investigaciones exhaustivas, a fin de presentar ante la justicia y aplicar la Ley a quien o quienes resulten responsables.<\/p>\n<figure id=\"attachment_9845\" aria-describedby=\"caption-attachment-9845\" style=\"width: 300px\" class=\"wp-caption alignnone\"><img fetchpriority=\"high\" decoding=\"async\" class=\"size-medium wp-image-9845\" src=\"https:\/\/portal.fgeo.gob.mx\/wp-content\/uploads\/2025\/08\/Dise%C3%B1o-sin-t%C3%ADtulo-12-300x235.jpg\" alt=\"\" width=\"300\" height=\"235\" \/><figcaption id=\"caption-attachment-9845\" class=\"wp-caption-text\">Dise\u00f1o sin t\u00edtulo &#8211; 1<\/figcaption><\/figure>\n","protected":false},"author":2,"featured_media":9841,"comment_status":"closed","ping_status":"closed","template":"","tags":[],"categoria_noticias":[],"class_list":["post-16976","noticias","type-noticias","status-publish","has-post-thumbnail","hentry"],"acf":[],"mb":[],"mfb_rest_fields":["title","gutenberg_elementor_mode"],"_links":{"self":[{"href":"https:\/\/portal.fgeo.gob.mx\/index.php\/wp-json\/wp\/v2\/noticias\/16976","targetHints":{"allow":["GET"]}}],"collection":[{"href":"https:\/\/portal.fgeo.gob.mx\/index.php\/wp-json\/wp\/v2\/noticias"}],"about":[{"href":"https:\/\/portal.fgeo.gob.mx\/index.php\/wp-json\/wp\/v2\/types\/noticias"}],"author":[{"embeddable":true,"href":"https:\/\/portal.fgeo.gob.mx\/index.php\/wp-json\/wp\/v2\/users\/2"}],"replies":[{"embeddable":true,"href":"https:\/\/portal.fgeo.gob.mx\/index.php\/wp-json\/wp\/v2\/comments?post=16976"}],"wp:featuredmedia":[{"embeddable":true,"href":"https:\/\/portal.fgeo.gob.mx\/index.php\/wp-json\/"}],"wp:attachment":[{"href":"https:\/\/portal.fgeo.gob.mx\/index.php\/wp-json\/wp\/v2\/media?parent=16976"}],"wp:term":[{"taxonomy":"post_tag","embeddable":true,"href":"https:\/\/portal.fgeo.gob.mx\/index.php\/wp-json\/wp\/v2\/tags?post=16976"},{"taxonomy":"categoria_noticias","embeddable":true,"href":"https:\/\/portal.fgeo.gob.mx\/index.php\/wp-json\/wp\/v2\/categoria_noticias?post=16976"}],"curies":[{"name":"wp","href":"https:\/\/api.w.org\/{rel}","templated":true}]}}