{"id":16975,"date":"2025-08-25T16:40:49","date_gmt":"2025-08-25T22:40:49","guid":{"rendered":"https:\/\/fge.oaxaca.gob.mx\/?post_type=noticias&amp;p=9842"},"modified":"2025-08-25T16:40:49","modified_gmt":"2025-08-25T22:40:49","slug":"boletin-1690-fiscalia-de-oaxaca-obtiene-vinculacion-a-proceso-por-tentativa-de-homicidio-y-robo-cometido-por-una-pandilla-de-cholos-hechos-ocurridos-en-san-antonio-de-la-cal","status":"publish","type":"noticias","link":"https:\/\/portal.fgeo.gob.mx\/index.php\/archivos\/noticias\/boletin-1690-fiscalia-de-oaxaca-obtiene-vinculacion-a-proceso-por-tentativa-de-homicidio-y-robo-cometido-por-una-pandilla-de-cholos-hechos-ocurridos-en-san-antonio-de-la-cal","title":{"rendered":"BOLET\u00cdN 1,690.-Fiscal\u00eda de Oaxaca obtiene vinculaci\u00f3n a proceso por tentativa de homicidio y robo cometido por una pandilla de &#8220;cholos&#8221;, hechos ocurridos en San Antonio de la Cal"},"content":{"rendered":"<p>&nbsp;<\/p>\n<p><strong>Oaxaca de Ju\u00e1rez, Oax. 25 de agosto de 2025.- <\/strong>Como parte de las acciones de investigaci\u00f3n ministerial para combatir los delitos de alto impacto, la Fiscal\u00eda General del Estado de Oaxaca (FGEO) obtuvo auto de vinculaci\u00f3n a proceso y prisi\u00f3n preventiva contra una persona del sexo masculino identificada como G.P.S.R., imputado por los delitos de Robo calificado con violencia f\u00edsica y homicidio calificado en grado de tentativa, ocurrido en la regi\u00f3n de los Valles Centrales.<\/p>\n<p>&nbsp;<\/p>\n<p>De acuerdo con lo asentado en el expediente penal del caso, los hechos sucedieron el 12 de agosto de 2025, cuando un grupo de pandilleros identificados como &#8220;cholos&#8221;, agredi\u00f3 a la v\u00edctima identificada como M.L.P., cuando sal\u00eda de un taller de herrer\u00eda ubicado en la segunda privada de Emiliano Zapata de la colonia Buenos Aires perteneciente al municipio de San Antonio de la Cal.<\/p>\n<p>&nbsp;<\/p>\n<p>La investigaci\u00f3n detalla que, esta pandilla intercept\u00f3 a M.L.P., lo amenazaron y golpearon en la cabeza con una botella de vidrio para posteriormente despojarlo de su tel\u00e9fono celular y de una mochila en la cual llevaba dinero en efectivo.<\/p>\n<p>&nbsp;<\/p>\n<p>El expediente a\u00f1ade que despu\u00e9s del robo, la v\u00edctima fue atacada con un arma punzocortante (cuchillo), provoc\u00e1ndole lesiones que pusieron en peligro su vida.<\/p>\n<p>&nbsp;<\/p>\n<p>Derivado de los hechos, la Fiscal\u00eda de Oaxaca, a trav\u00e9s de la Vicefiscal\u00eda Regional Valles Centrales, inici\u00f3 las investigaciones ministeriales correspondientes que permitieron obtener la orden de aprehensi\u00f3n en contra de G.P.S.R, la cual fue ejecutada por Agentes Estatales de Investigaci\u00f3n (AEI) para luego ser presentado ante la autoridad que lo requiri\u00f3 y con ello, realizar su proceso legal y posteriormente su imputaci\u00f3n.<\/p>\n<p>&nbsp;<\/p>\n<p>Una vez que el juez de la causa valor\u00f3 las pruebas aportadas por la FGEO, dict\u00f3 auto de vinculaci\u00f3n a proceso en contra de G.P.S.R., por el delito de robo calificado con violencia f\u00edsica y homicidio calificado en grado de tentativa e impuso la medida cautelar de prisi\u00f3n preventiva justificada, y otorg\u00f3 un plazo de dos meses para el cierre de la investigaci\u00f3n complementaria.<\/p>\n<p>&nbsp;<\/p>\n<p>La Fiscal\u00eda General del Estado de Oaxaca est\u00e1 comprometida con establecer l\u00edneas de investigaci\u00f3n s\u00f3lidas que permitan dar con quien o quienes resulten responsables de los delitos, y con ello, garantizar procesos de procuraci\u00f3n de justicia adecuados para las v\u00edctimas directas e indirectas.<\/p>\n<p><img fetchpriority=\"high\" decoding=\"async\" class=\"alignnone size-medium wp-image-9843\" src=\"https:\/\/portal.fgeo.gob.mx\/wp-content\/uploads\/2025\/08\/WhatsApp-Image-2025-08-25-at-4.39.46-PM-300x169.jpeg\" alt=\"\" width=\"300\" height=\"169\" \/><\/p>\n","protected":false},"author":2,"featured_media":9841,"comment_status":"closed","ping_status":"closed","template":"","tags":[],"categoria_noticias":[],"class_list":["post-16975","noticias","type-noticias","status-publish","has-post-thumbnail","hentry"],"acf":[],"mb":[],"mfb_rest_fields":["title","gutenberg_elementor_mode"],"_links":{"self":[{"href":"https:\/\/portal.fgeo.gob.mx\/index.php\/wp-json\/wp\/v2\/noticias\/16975","targetHints":{"allow":["GET"]}}],"collection":[{"href":"https:\/\/portal.fgeo.gob.mx\/index.php\/wp-json\/wp\/v2\/noticias"}],"about":[{"href":"https:\/\/portal.fgeo.gob.mx\/index.php\/wp-json\/wp\/v2\/types\/noticias"}],"author":[{"embeddable":true,"href":"https:\/\/portal.fgeo.gob.mx\/index.php\/wp-json\/wp\/v2\/users\/2"}],"replies":[{"embeddable":true,"href":"https:\/\/portal.fgeo.gob.mx\/index.php\/wp-json\/wp\/v2\/comments?post=16975"}],"wp:featuredmedia":[{"embeddable":true,"href":"https:\/\/portal.fgeo.gob.mx\/index.php\/wp-json\/"}],"wp:attachment":[{"href":"https:\/\/portal.fgeo.gob.mx\/index.php\/wp-json\/wp\/v2\/media?parent=16975"}],"wp:term":[{"taxonomy":"post_tag","embeddable":true,"href":"https:\/\/portal.fgeo.gob.mx\/index.php\/wp-json\/wp\/v2\/tags?post=16975"},{"taxonomy":"categoria_noticias","embeddable":true,"href":"https:\/\/portal.fgeo.gob.mx\/index.php\/wp-json\/wp\/v2\/categoria_noticias?post=16975"}],"curies":[{"name":"wp","href":"https:\/\/api.w.org\/{rel}","templated":true}]}}