{"id":16972,"date":"2025-08-25T08:35:29","date_gmt":"2025-08-25T14:35:29","guid":{"rendered":"https:\/\/fge.oaxaca.gob.mx\/?post_type=noticias&amp;p=9810"},"modified":"2025-08-25T08:35:29","modified_gmt":"2025-08-25T14:35:29","slug":"fiscalia-de-oaxaca-realiza-cateos-en-centros-de-operacion-y-puntos-de-venta-de-celulas-dedicadas-al-narcomenudeo-en-valles-centrales-detiene-a-nueve-personas","status":"publish","type":"noticias","link":"https:\/\/portal.fgeo.gob.mx\/index.php\/archivos\/noticias\/fiscalia-de-oaxaca-realiza-cateos-en-centros-de-operacion-y-puntos-de-venta-de-celulas-dedicadas-al-narcomenudeo-en-valles-centrales-detiene-a-nueve-personas","title":{"rendered":"BOLET\u00cdN 1,687.- \u201cRealizamos primera jornada de Fiscal\u00eda en tu Comunidad llega a tu Colonia\u201d, para mejorar atenci\u00f3n a v\u00edctimas y atender prioridades ciudadanas\u201d: Fiscal de Oaxaca, Bernardo Rodr\u00edguez Alamilla"},"content":{"rendered":"<p>\u2022 Con presencia de SSPC, PABIC, Bienestar y Ayuntamiento de Oaxaca de Ju\u00e1rez, se lleva a cabo esta acci\u00f3n de proximidad social en San Mart\u00edn Mexicapan<\/p>\n<p>Oaxaca de Ju\u00e1rez, Oax. 24 de agosto de 2025.- La Fiscal\u00eda General del Estado de Oaxaca (FGEO) llev\u00f3 a cabo la primera jornada del programa metropolitano de proximidad social denominado \u201cFiscal\u00eda en tu Comunidad llega a tu Colonia\u201d, acci\u00f3n interinstitucional que involucra al gobierno del Estado y el Ayuntamiento capitalino, para brindar atenci\u00f3n directa a las preocupaciones y problem\u00e1ticas sociales con el objetivo de atender las causas del fen\u00f3meno delictivo desde una perspectiva multidimensional e integral.<\/p>\n<p>Con la presencia de funcionarios de diferentes \u00e1reas de atenci\u00f3n de Gobierno del Estado de Oaxaca, as\u00ed como del Municipio de Oaxaca de Ju\u00e1rez, la FGEO llev\u00f3 a cabo esta actividad en la Agencia Municipal de San Mart\u00edn Mexicapan.<\/p>\n<p>El Fiscal de Oaxaca, Bernardo Rodr\u00edguez Alamilla, enfatiz\u00f3 las importancia de acercar las instituciones y sus servicios a la gente, pues a trav\u00e9s del di\u00e1logo directo, sin intermediarios, es posible conocer las \u00e1reas de oportunidad para que las oaxaque\u00f1as y oaxaque\u00f1os cuenten con servicios de calidad que respondan a las necesidades sociales.<\/p>\n<p>\u201cEscuchamos las observaciones y sugerencias que nos hacen para mejorar los procesos de atenci\u00f3n ciudadana, desde la parte preventiva, as\u00ed como la procuraci\u00f3n de justicia, pero tambi\u00e9n dar respuesta a los dem\u00e1s factores que influyen en la construcci\u00f3n de un tejido social s\u00f3lido que garantice la seguridad de todas y todos\u201d, reiter\u00f3 Rodr\u00edguez Alamilla.<\/p>\n<p>En esta primera jornada del programa \u201cFiscal\u00eda en tu Comunidad llega a tu Colonia\u201d, estuvo presente el titular de la Polic\u00eda Auxiliar, Bancaria, Industrial y Comercial (PABIC), Alejandro Tejada, as\u00ed como la subsecretaria de Tequios e Inclusi\u00f3n para el Bienestar, Fernanda Schmidt; as\u00ed como el subsecretario de Prevenci\u00f3n y Reinserci\u00f3n Social de la Secretar\u00eda de Seguridad y Protecci\u00f3n Ciudadana, Roberto Castillo, as\u00ed como autoridades municipales para la atenci\u00f3n de diferentes \u00e1reas.<\/p>\n<p>&nbsp;<\/p>\n<p><img fetchpriority=\"high\" decoding=\"async\" class=\"alignnone size-medium wp-image-9819\" src=\"https:\/\/portal.fgeo.gob.mx\/wp-content\/uploads\/2025\/08\/IMAGEN-8-BOLET%C3%8DN-1687-300x200.jpeg\" alt=\"\" width=\"300\" height=\"200\" \/> <img decoding=\"async\" class=\"alignnone size-medium wp-image-9820\" src=\"https:\/\/portal.fgeo.gob.mx\/wp-content\/uploads\/2025\/08\/IMAGEN-9-BOLET%C3%8DN-1687-300x200.jpeg\" alt=\"\" width=\"300\" height=\"200\" \/> <img decoding=\"async\" class=\"alignnone size-medium wp-image-9821\" src=\"https:\/\/portal.fgeo.gob.mx\/wp-content\/uploads\/2025\/08\/IMAGEN-2-BOLET%C3%8DN-1687-300x200.jpeg\" alt=\"\" width=\"300\" height=\"200\" \/> <img loading=\"lazy\" decoding=\"async\" class=\"alignnone size-medium wp-image-9822\" src=\"https:\/\/portal.fgeo.gob.mx\/wp-content\/uploads\/2025\/08\/IMAGEN-4-BOLET%C3%8DN-1687-300x169.jpeg\" alt=\"\" width=\"300\" height=\"169\" \/> <img loading=\"lazy\" decoding=\"async\" class=\"alignnone size-medium wp-image-9823\" src=\"https:\/\/portal.fgeo.gob.mx\/wp-content\/uploads\/2025\/08\/IMAGEN-20-BOLET%C3%8DN-1687-300x200.jpeg\" alt=\"\" width=\"300\" height=\"200\" \/> <img loading=\"lazy\" decoding=\"async\" class=\"alignnone size-medium wp-image-9824\" src=\"https:\/\/portal.fgeo.gob.mx\/wp-content\/uploads\/2025\/08\/IMAGEN-12-BOLET%C3%8DN-1687-300x200.jpeg\" alt=\"\" width=\"300\" height=\"200\" \/> <img loading=\"lazy\" decoding=\"async\" class=\"alignnone size-medium wp-image-9825\" src=\"https:\/\/portal.fgeo.gob.mx\/wp-content\/uploads\/2025\/08\/IMAGEN-3-BOLET%C3%8DN-1687-300x200.jpeg\" alt=\"\" width=\"300\" height=\"200\" \/> <img loading=\"lazy\" decoding=\"async\" class=\"alignnone size-medium wp-image-9826\" src=\"https:\/\/portal.fgeo.gob.mx\/wp-content\/uploads\/2025\/08\/IMAGEN-17-BOLET%C3%8DN-1687-300x200.jpeg\" alt=\"\" width=\"300\" height=\"200\" \/> <img loading=\"lazy\" decoding=\"async\" class=\"alignnone size-medium wp-image-9827\" src=\"https:\/\/portal.fgeo.gob.mx\/wp-content\/uploads\/2025\/08\/IMAGEN-10-BOLET%C3%8DN-1687-300x169.jpeg\" alt=\"\" width=\"300\" height=\"169\" \/> <img loading=\"lazy\" decoding=\"async\" class=\"alignnone size-medium wp-image-9828\" src=\"https:\/\/portal.fgeo.gob.mx\/wp-content\/uploads\/2025\/08\/IMAGEN-6-BOLET%C3%8DN-1687-300x169.jpeg\" alt=\"\" width=\"300\" height=\"169\" \/><\/p>\n<p>Con el compromiso de dar soluci\u00f3n a cada una de las observaciones en proceso de atenci\u00f3n ciudadana, el Fiscal de Oaxaca, Bernardo Rodr\u00edguez Alamilla, asegur\u00f3 que este programa tiene el objetivo de realizar las acciones necesarias para solventar estas necesidades con una perspectiva transversal.<\/p>\n<p>Las vecinas y vecinos de las diferentes colonias de la agencia capitalina de San Mart\u00edn Mexicapan, se\u00f1alaron que es prioritario reducir los tiempos de atenci\u00f3n para poner una denuncia ante la Fiscal\u00eda de Oaxaca, adem\u00e1s de hacer peticiones de infraestructura urbana para la Colonia Monte Alb\u00e1n, donde observaron la necesidad de mejorar el alumbrado p\u00fablico.<\/p>\n<p>Adem\u00e1s, en las canchas de la Agencia Municipal de San Mart\u00edn Mexicapan, la FGEO dispuso m\u00f3dulos de atenci\u00f3n en temas de g\u00e9nero a trav\u00e9s del Centro de Justicia para las Mujeres (CEJUM) y la Fiscal\u00eda Especializada para la Atenci\u00f3n a Delitos Contra la Mujer por Raz\u00f3n de G\u00e9nero, as\u00ed como el Centro de Justicia Alternativa (CJA) que ofrece mecanismos legales para la pronta resoluci\u00f3n de controversias en torno a delitos no graves, lo cual agiliza los proceso de procuraci\u00f3n de justicia reduciendo tiempos hasta en un 90 por ciento.<\/p>\n<p>As\u00ed como la presencia del Centro de Orientaci\u00f3n, Denuncia y Determinaci\u00f3n Inmediata (CODDI), considerada la puerta de acceso de la Fiscal\u00eda de Oaxaca, que est\u00e1 en proceso de transformaci\u00f3n para reducir los tiempos de atenci\u00f3n ciudadana.<\/p>\n<p>Al igual que la Unidad contra el Maltrato Animal de la Vicefiscal\u00eda Regional de Valles Centrales, creada para dar respuesta ante violencias contra los animales, que en el estado de Oaxaca ya est\u00e1 tipificado como un delito.<\/p>\n<p>\u201cDebemos tener la responsabilidad y sensibilidad ante las v\u00edctimas, por eso estamos obligados a acompa\u00f1ar y acuerpar a las v\u00edctimas, mejorando los servicios de atenci\u00f3n como primera instancia de la procuraci\u00f3n de justicia, es parte de la transformaci\u00f3n de las instituciones\u201d, concluy\u00f3 el Fiscal de Oaxaca, Bernardo Rodr\u00edguez Alamilla.<\/p>\n<p><img loading=\"lazy\" decoding=\"async\" class=\"alignnone size-medium wp-image-9829\" src=\"https:\/\/portal.fgeo.gob.mx\/wp-content\/uploads\/2025\/08\/IMAGEN-1-BOLET%C3%8DN-1687-300x200.jpeg\" alt=\"\" width=\"300\" height=\"200\" \/>\u00a0<img loading=\"lazy\" decoding=\"async\" class=\"alignnone size-medium wp-image-9831\" src=\"https:\/\/portal.fgeo.gob.mx\/wp-content\/uploads\/2025\/08\/IMAGEN-18-BOLET%C3%8DN-1687-300x200.jpeg\" alt=\"\" width=\"300\" height=\"200\" \/> <img loading=\"lazy\" decoding=\"async\" class=\"alignnone size-medium wp-image-9832\" src=\"https:\/\/portal.fgeo.gob.mx\/wp-content\/uploads\/2025\/08\/IMAGEN-16-BOLET%C3%8DN-1687-300x200.jpeg\" alt=\"\" width=\"300\" height=\"200\" \/> \u00a0<img loading=\"lazy\" decoding=\"async\" class=\"alignnone size-medium wp-image-9834\" src=\"https:\/\/portal.fgeo.gob.mx\/wp-content\/uploads\/2025\/08\/IMAGEN-13-BOLET%C3%8DN-1687-300x200.jpeg\" alt=\"\" width=\"300\" height=\"200\" \/><\/p>\n<p><img loading=\"lazy\" decoding=\"async\" class=\"alignnone size-medium wp-image-9836\" src=\"https:\/\/portal.fgeo.gob.mx\/wp-content\/uploads\/2025\/08\/IMAGEN-11-BOLET%C3%8DN-1687-300x200.jpeg\" alt=\"\" width=\"300\" height=\"200\" \/>\u00a0\u00a0<img loading=\"lazy\" decoding=\"async\" class=\"alignnone size-medium wp-image-9835\" src=\"https:\/\/portal.fgeo.gob.mx\/wp-content\/uploads\/2025\/08\/IMAGEN-21-BOLET%C3%8DN-1687-1-300x200.jpeg\" alt=\"\" width=\"300\" height=\"200\" \/><\/p>\n<p>&nbsp;<\/p>\n<p>&nbsp;<\/p>\n<p>&nbsp;<\/p>\n<p>&nbsp;<\/p>\n<p>&nbsp;<\/p>\n","protected":false},"author":2,"featured_media":9771,"comment_status":"closed","ping_status":"closed","template":"","tags":[],"categoria_noticias":[],"class_list":["post-16972","noticias","type-noticias","status-publish","has-post-thumbnail","hentry"],"acf":[],"mb":[],"mfb_rest_fields":["title","gutenberg_elementor_mode"],"_links":{"self":[{"href":"https:\/\/portal.fgeo.gob.mx\/index.php\/wp-json\/wp\/v2\/noticias\/16972","targetHints":{"allow":["GET"]}}],"collection":[{"href":"https:\/\/portal.fgeo.gob.mx\/index.php\/wp-json\/wp\/v2\/noticias"}],"about":[{"href":"https:\/\/portal.fgeo.gob.mx\/index.php\/wp-json\/wp\/v2\/types\/noticias"}],"author":[{"embeddable":true,"href":"https:\/\/portal.fgeo.gob.mx\/index.php\/wp-json\/wp\/v2\/users\/2"}],"replies":[{"embeddable":true,"href":"https:\/\/portal.fgeo.gob.mx\/index.php\/wp-json\/wp\/v2\/comments?post=16972"}],"wp:featuredmedia":[{"embeddable":true,"href":"https:\/\/portal.fgeo.gob.mx\/index.php\/wp-json\/"}],"wp:attachment":[{"href":"https:\/\/portal.fgeo.gob.mx\/index.php\/wp-json\/wp\/v2\/media?parent=16972"}],"wp:term":[{"taxonomy":"post_tag","embeddable":true,"href":"https:\/\/portal.fgeo.gob.mx\/index.php\/wp-json\/wp\/v2\/tags?post=16972"},{"taxonomy":"categoria_noticias","embeddable":true,"href":"https:\/\/portal.fgeo.gob.mx\/index.php\/wp-json\/wp\/v2\/categoria_noticias?post=16972"}],"curies":[{"name":"wp","href":"https:\/\/api.w.org\/{rel}","templated":true}]}}