{"id":16970,"date":"2025-08-22T20:19:23","date_gmt":"2025-08-23T02:19:23","guid":{"rendered":"https:\/\/fge.oaxaca.gob.mx\/?post_type=noticias&amp;p=9780"},"modified":"2025-08-22T20:19:23","modified_gmt":"2025-08-23T02:19:23","slug":"boletin-1685-instituciones-deben-cambiar-y-fortalecerse-para-enfrentar-las-transformaciones-del-pais-fiscal-de-oaxaca-bernardo-rodriguez-alamilla","status":"publish","type":"noticias","link":"https:\/\/portal.fgeo.gob.mx\/index.php\/archivos\/noticias\/boletin-1685-instituciones-deben-cambiar-y-fortalecerse-para-enfrentar-las-transformaciones-del-pais-fiscal-de-oaxaca-bernardo-rodriguez-alamilla","title":{"rendered":"BOLET\u00cdN 1,685.- Instituciones deben cambiar y fortalecerse para enfrentar las transformaciones del pa\u00eds: Fiscal de Oaxaca, Bernardo Rodr\u00edguez Alamilla"},"content":{"rendered":"<p>&nbsp;<\/p>\n<p><strong>Oaxaca de Ju\u00e1rez, Oax.\u00a0 22 de agosto de 2025.-<\/strong> Durante la ceremonia de clausura del Encuentro Nacional de Fiscales Electorales, el Fiscal de Oaxaca, Bernardo Rodr\u00edguez Alamilla, enfatiz\u00f3 que actualmente el pa\u00eds est\u00e1 en un proceso de cambios, los cuales exigen a las instituciones transformarse y fortalecerse para estar a la altura de las circunstancias, por ello, eventos como este permiten compartir saberes y herramientas que coadyuvan a ese prop\u00f3sito.<\/p>\n<p>&nbsp;<\/p>\n<p>Acompa\u00f1ado por el Ministro electo de la Suprema Corte de Justicia de la Naci\u00f3n, Ar\u00edstides Rodrigo Guerrero Garc\u00eda; el presidente de la Asociaci\u00f3n Mexicana de Fiscales Electorales, Daniel Omar Guti\u00e9rrez Ruvalcaba; la titular de la Defensor\u00eda P\u00fablica Electoral para Mujeres Especializada en la Atenci\u00f3n de Asuntos de Paridad y Violencia Pol\u00edtica en Raz\u00f3n de G\u00e9nero, Mar\u00eda del Carmen Carre\u00f3n Castro.<\/p>\n<p>&nbsp;<\/p>\n<p>Adem\u00e1s de la presidenta del Tribunal Electoral de Oaxaca, Sandra P\u00e9rez Cruz; la Consejera Presidenta del Instituto Estatal Electoral y Participaci\u00f3n Ciudadana de Oaxaca, Elizabeth S\u00e1nchez Gonz\u00e1lez; as\u00ed como el Fiscal Especializado en Delitos Electorales del Estado de Oaxaca, Iv\u00e1n Garc\u00eda L\u00f3pez.<\/p>\n<p>&nbsp;<\/p>\n<p>El Fiscal General Bernardo Rodr\u00edguez Alamilla resalt\u00f3 que son tiempos de renovaci\u00f3n, tiempos en los cuales, las y los servidores p\u00fablicos tienen que aprender a convivir con las exigencias que trae consigo los cambios tecnol\u00f3gicos, sociales y culturales, pues esto ocurre todos los d\u00edas y exige una apertura continua al di\u00e1logo continuo que permita generar conocimiento y responder a las necesidades de la sociedad.<\/p>\n<p><img fetchpriority=\"high\" decoding=\"async\" class=\"alignnone size-medium wp-image-9795\" src=\"https:\/\/portal.fgeo.gob.mx\/wp-content\/uploads\/2025\/08\/BOLET%C3%8DN-1685-7-1-300x200.jpeg\" alt=\"\" width=\"300\" height=\"200\" \/> <img decoding=\"async\" class=\"alignnone size-medium wp-image-9796\" src=\"https:\/\/portal.fgeo.gob.mx\/wp-content\/uploads\/2025\/08\/BOLET%C3%8DN-1685-6-1-300x200.jpeg\" alt=\"\" width=\"300\" height=\"200\" \/> <img decoding=\"async\" class=\"alignnone size-medium wp-image-9797\" src=\"https:\/\/portal.fgeo.gob.mx\/wp-content\/uploads\/2025\/08\/BOLET%C3%8DN-1685-5-1-300x200.jpeg\" alt=\"\" width=\"300\" height=\"200\" \/> <img loading=\"lazy\" decoding=\"async\" class=\"alignnone size-medium wp-image-9798\" src=\"https:\/\/portal.fgeo.gob.mx\/wp-content\/uploads\/2025\/08\/BOLET%C3%8DN-1685-4-1-300x200.jpeg\" alt=\"\" width=\"300\" height=\"200\" \/> \u00a0<img loading=\"lazy\" decoding=\"async\" class=\"alignnone size-medium wp-image-9800\" src=\"https:\/\/portal.fgeo.gob.mx\/wp-content\/uploads\/2025\/08\/BOLET%C3%8DN-1685-2-1-300x200.jpeg\" alt=\"\" width=\"300\" height=\"200\" \/> <img loading=\"lazy\" decoding=\"async\" class=\"alignnone size-medium wp-image-9801\" src=\"https:\/\/portal.fgeo.gob.mx\/wp-content\/uploads\/2025\/08\/BOLET%C3%8DN-1685-1-1-300x200.jpeg\" alt=\"\" width=\"300\" height=\"200\" \/><\/p>\n<p>&nbsp;<\/p>\n<p>A\u00f1adi\u00f3 que la transformaci\u00f3n que se est\u00e1 generando en ciertas instituciones, como la Suprema Corte de Justicia de la Naci\u00f3n, anima a todas las instituciones a estar a la altura de las circunstancias, por ello, a trav\u00e9s del intercambio de experiencias se pueden compartir pr\u00e1cticas novedosas y efectivas que permitan brindar a la sociedad soluciones efectivas y coadyuva en la eliminaci\u00f3n de la violencia pol\u00edtica.<\/p>\n<p>&nbsp;<\/p>\n<p>Por su parte, el Ministro electo de la Suprema Corte de Justicia de la Naci\u00f3n, Ar\u00edstides Rodrigo Guerrero Garc\u00eda, dijo que estos espacios son esenciales para construir la democracia del pa\u00eds pues, quienes participan son actores que forman parte de ese gran debate, son part\u00edcipes en la toma de decisiones que est\u00e1n marcando el rumbo del pa\u00eds, adem\u00e1s que poder contar con la perspectiva de expertas y expertos, es esencial en la construcci\u00f3n de la democracia y de la propia justicia electoral.<\/p>\n<p>&nbsp;<\/p>\n<p>Finalmente, el Fiscal Especializado en Delitos Electorales del Estado de Oaxaca, Iv\u00e1n Garc\u00eda L\u00f3pez agradeci\u00f3 la asistencia de quienes participaron, ya que no solo fue un intercambio de experiencias, sino que tambi\u00e9n fue un espacio en el que se construyeron alianzas estrat\u00e9gicas y se hicieron compromisos en favor de la participaci\u00f3n pol\u00edtica de la sociedad, pero especialmente de grupos como las mujeres y pueblos ind\u00edgenas.<\/p>\n<p>&nbsp;<\/p>\n<p><img loading=\"lazy\" decoding=\"async\" class=\"alignnone size-medium wp-image-9788\" src=\"https:\/\/portal.fgeo.gob.mx\/wp-content\/uploads\/2025\/08\/BOLET%C3%8DN-1685-14-300x200.jpeg\" alt=\"\" width=\"300\" height=\"200\" \/> <img loading=\"lazy\" decoding=\"async\" class=\"alignnone size-medium wp-image-9789\" src=\"https:\/\/portal.fgeo.gob.mx\/wp-content\/uploads\/2025\/08\/BOLET%C3%8DN-1685-13-300x200.jpeg\" alt=\"\" width=\"300\" height=\"200\" \/> <img loading=\"lazy\" decoding=\"async\" class=\"alignnone size-medium wp-image-9790\" src=\"https:\/\/portal.fgeo.gob.mx\/wp-content\/uploads\/2025\/08\/BOLET%C3%8DN-1685-12-300x200.jpeg\" alt=\"\" width=\"300\" height=\"200\" \/> <img loading=\"lazy\" decoding=\"async\" class=\"alignnone size-medium wp-image-9791\" src=\"https:\/\/portal.fgeo.gob.mx\/wp-content\/uploads\/2025\/08\/BOLET%C3%8DN-1685-11-300x200.jpeg\" alt=\"\" width=\"300\" height=\"200\" \/> <img loading=\"lazy\" decoding=\"async\" class=\"alignnone size-medium wp-image-9792\" src=\"https:\/\/portal.fgeo.gob.mx\/wp-content\/uploads\/2025\/08\/BOLET%C3%8DN-1685-10-300x200.jpeg\" alt=\"\" width=\"300\" height=\"200\" \/> <img loading=\"lazy\" decoding=\"async\" class=\"alignnone size-medium wp-image-9793\" src=\"https:\/\/portal.fgeo.gob.mx\/wp-content\/uploads\/2025\/08\/BOLET%C3%8DN-1685-9-300x178.jpeg\" alt=\"\" width=\"300\" height=\"178\" \/> <img loading=\"lazy\" decoding=\"async\" class=\"alignnone size-medium wp-image-9794\" src=\"https:\/\/portal.fgeo.gob.mx\/wp-content\/uploads\/2025\/08\/BOLET%C3%8DN-1685-8-300x200.jpeg\" alt=\"\" width=\"300\" height=\"200\" \/><\/p>\n<p>&nbsp;<\/p>\n<p>&nbsp;<\/p>\n","protected":false},"author":2,"featured_media":9719,"comment_status":"closed","ping_status":"closed","template":"","tags":[],"categoria_noticias":[],"class_list":["post-16970","noticias","type-noticias","status-publish","has-post-thumbnail","hentry"],"acf":[],"mb":[],"mfb_rest_fields":["title","gutenberg_elementor_mode"],"_links":{"self":[{"href":"https:\/\/portal.fgeo.gob.mx\/index.php\/wp-json\/wp\/v2\/noticias\/16970","targetHints":{"allow":["GET"]}}],"collection":[{"href":"https:\/\/portal.fgeo.gob.mx\/index.php\/wp-json\/wp\/v2\/noticias"}],"about":[{"href":"https:\/\/portal.fgeo.gob.mx\/index.php\/wp-json\/wp\/v2\/types\/noticias"}],"author":[{"embeddable":true,"href":"https:\/\/portal.fgeo.gob.mx\/index.php\/wp-json\/wp\/v2\/users\/2"}],"replies":[{"embeddable":true,"href":"https:\/\/portal.fgeo.gob.mx\/index.php\/wp-json\/wp\/v2\/comments?post=16970"}],"wp:featuredmedia":[{"embeddable":true,"href":"https:\/\/portal.fgeo.gob.mx\/index.php\/wp-json\/"}],"wp:attachment":[{"href":"https:\/\/portal.fgeo.gob.mx\/index.php\/wp-json\/wp\/v2\/media?parent=16970"}],"wp:term":[{"taxonomy":"post_tag","embeddable":true,"href":"https:\/\/portal.fgeo.gob.mx\/index.php\/wp-json\/wp\/v2\/tags?post=16970"},{"taxonomy":"categoria_noticias","embeddable":true,"href":"https:\/\/portal.fgeo.gob.mx\/index.php\/wp-json\/wp\/v2\/categoria_noticias?post=16970"}],"curies":[{"name":"wp","href":"https:\/\/api.w.org\/{rel}","templated":true}]}}