{"id":16969,"date":"2025-08-22T14:00:02","date_gmt":"2025-08-22T20:00:02","guid":{"rendered":"https:\/\/fge.oaxaca.gob.mx\/?post_type=noticias&amp;p=9777"},"modified":"2025-08-22T14:00:02","modified_gmt":"2025-08-22T20:00:02","slug":"boletin-1684-fiscalia-de-oaxaca-obtiene-vinculacion-a-proceso-y-prision-preventiva-contra-cuatro-personas-por-narcomenudeo-en-la-villa-de-etla","status":"publish","type":"noticias","link":"https:\/\/portal.fgeo.gob.mx\/index.php\/archivos\/noticias\/boletin-1684-fiscalia-de-oaxaca-obtiene-vinculacion-a-proceso-y-prision-preventiva-contra-cuatro-personas-por-narcomenudeo-en-la-villa-de-etla","title":{"rendered":"BOLET\u00cdN 1,684.- Fiscal\u00eda de Oaxaca obtiene vinculaci\u00f3n a proceso y prisi\u00f3n preventiva contra cuatro personas por narcomenudeo en la Villa de Etla"},"content":{"rendered":"<p>&nbsp;<\/p>\n<p><strong>Oaxaca de Ju\u00e1rez, Oax. 22 de agosto de 2025.- <\/strong>Derivado del trabajo ministerial que realiza la Fiscal\u00eda General del Estado de Oaxaca (FGEO) se obtuvo auto de vinculaci\u00f3n a proceso y prisi\u00f3n preventiva contra cuatro personas del sexo masculino por el delito contra la salud en su modalidad de narcomenudeo en su hip\u00f3tesis de posesi\u00f3n para fines de suministro, en hechos cometidos en la regi\u00f3n de los Valles Centrales.<\/p>\n<p>La detenci\u00f3n de A.H.R., D.R.R., J.F.C.A., y E.R.C., se realiz\u00f3 cuando elementos de la Agencia Estatal de Investigaciones (AEI) adscritos a la Vicefiscal\u00eda General de Control Regional, realizaban actos de disuasi\u00f3n y vigilancia en inmediaciones del municipio de la Villa de Etla.<\/p>\n<p>En el lugar, los efectivos se percataron de la presencia de cuatro personas, quienes mostraban una actitud sospechosa, motivo por el que se solicit\u00f3 una inspecci\u00f3n.<\/p>\n<p>Al realizar una revisi\u00f3n, detectaron que pose\u00edan diversas bolsas empaquetadas que conten\u00edan dosis de drogas conocidas como mariguana y cristal, adem\u00e1s de una b\u00e1scula gramera y tel\u00e9fonos celulares por lo que fueron detenidos y puestos a disposici\u00f3n de la autoridad correspondiente para determinar su situaci\u00f3n legal.<\/p>\n<p>En audiencia, luego de evaluar las pruebas presentadas por la FGEO, el Juez de la causa determin\u00f3 vincular a proceso a las cuatro personas, por el delito contra la salud en su modalidad de narcomenudeo en su hip\u00f3tesis de posesi\u00f3n para fines de suministro, adem\u00e1s de imponer la medida cautelar de prisi\u00f3n preventiva y otorgar el plazo de un mes para el cierre de la investigaci\u00f3n complementaria.<\/p>\n<p>La Fiscal\u00eda General garantiza investigaciones exhaustivas para esclarecer delitos, aplicando todo el rigor de la Ley a quien o quienes resulten responsables.<\/p>\n<p><img fetchpriority=\"high\" decoding=\"async\" class=\"alignnone size-medium wp-image-9778\" src=\"https:\/\/portal.fgeo.gob.mx\/wp-content\/uploads\/2025\/08\/WhatsApp-Image-2025-07-21-at-12.41.02-PM-300x184.jpeg\" alt=\"\" width=\"300\" height=\"184\" \/><\/p>\n","protected":false},"author":2,"featured_media":9771,"comment_status":"closed","ping_status":"closed","template":"","tags":[],"categoria_noticias":[],"class_list":["post-16969","noticias","type-noticias","status-publish","has-post-thumbnail","hentry"],"acf":[],"mb":[],"mfb_rest_fields":["title","gutenberg_elementor_mode"],"_links":{"self":[{"href":"https:\/\/portal.fgeo.gob.mx\/index.php\/wp-json\/wp\/v2\/noticias\/16969","targetHints":{"allow":["GET"]}}],"collection":[{"href":"https:\/\/portal.fgeo.gob.mx\/index.php\/wp-json\/wp\/v2\/noticias"}],"about":[{"href":"https:\/\/portal.fgeo.gob.mx\/index.php\/wp-json\/wp\/v2\/types\/noticias"}],"author":[{"embeddable":true,"href":"https:\/\/portal.fgeo.gob.mx\/index.php\/wp-json\/wp\/v2\/users\/2"}],"replies":[{"embeddable":true,"href":"https:\/\/portal.fgeo.gob.mx\/index.php\/wp-json\/wp\/v2\/comments?post=16969"}],"wp:featuredmedia":[{"embeddable":true,"href":"https:\/\/portal.fgeo.gob.mx\/index.php\/wp-json\/"}],"wp:attachment":[{"href":"https:\/\/portal.fgeo.gob.mx\/index.php\/wp-json\/wp\/v2\/media?parent=16969"}],"wp:term":[{"taxonomy":"post_tag","embeddable":true,"href":"https:\/\/portal.fgeo.gob.mx\/index.php\/wp-json\/wp\/v2\/tags?post=16969"},{"taxonomy":"categoria_noticias","embeddable":true,"href":"https:\/\/portal.fgeo.gob.mx\/index.php\/wp-json\/wp\/v2\/categoria_noticias?post=16969"}],"curies":[{"name":"wp","href":"https:\/\/api.w.org\/{rel}","templated":true}]}}