{"id":16968,"date":"2025-08-22T11:34:31","date_gmt":"2025-08-22T17:34:31","guid":{"rendered":"https:\/\/fge.oaxaca.gob.mx\/?post_type=noticias&amp;p=9775"},"modified":"2025-08-22T11:34:31","modified_gmt":"2025-08-22T17:34:31","slug":"boletin-1683-obtiene-fgeo-sentencia-de-30-anos-de-prision-por-homicidio-calificado-ocurrido-en-la-region-de-la-costa","status":"publish","type":"noticias","link":"https:\/\/portal.fgeo.gob.mx\/index.php\/archivos\/noticias\/boletin-1683-obtiene-fgeo-sentencia-de-30-anos-de-prision-por-homicidio-calificado-ocurrido-en-la-region-de-la-costa","title":{"rendered":"BOLET\u00cdN 1,683.- Obtiene FGEO sentencia de 30 a\u00f1os de prisi\u00f3n por homicidio calificado ocurrido en la regi\u00f3n de la Costa"},"content":{"rendered":"<p>&nbsp;<\/p>\n<p><strong>Oaxaca de Ju\u00e1rez, Oax. 22 de agosto de 2025.- <\/strong>La Fiscal\u00eda General del Estado de Oaxaca (FGEO) obtuvo una sentencia condenatoria de 30 a\u00f1os de prisi\u00f3n en contra de una persona del sexo masculino identificado como Pastor E.A.F., responsable por el delito de homicidio calificado con ventaja, cometido en agravio de C.A.V., ocurrido en la regi\u00f3n de la Costa.<\/p>\n<p>&nbsp;<\/p>\n<p>Conforme al expediente penal del caso, los hechos ocurrieron el 14 de diciembre de 2023, cuando la v\u00edctima C.A.V., caminaba en inmediaciones de un paraje denominado &#8220;El Recodo&#8221; ubicado en l\u00edmites de la poblaci\u00f3n de Camotinch\u00e1n de San Sebasti\u00e1n Ixcapa y San Antonio Tepetlapa perteneciente al distrito de Santiago Jamiltepec, lugar donde el hoy sentenciado lo agredi\u00f3 con disparos de armas de fuego, infligiendo lesiones que lo privaron de la vida.<\/p>\n<p>&nbsp;<\/p>\n<p>Luego de que la FGEO tom\u00f3 conocimiento del caso, inici\u00f3 la investigaci\u00f3n correspondiente -a trav\u00e9s de la Fiscal\u00eda Especializada en Atenci\u00f3n a Delitos de Alto Impacto de la Vicefiscal\u00eda Regional de la Costa-, la cual permiti\u00f3 la detenci\u00f3n de Pastor E.A.F., para posteriormente, ponerlo a disposici\u00f3n de las autoridades judiciales.<\/p>\n<p>&nbsp;<\/p>\n<p>Tras las audiencias de desahogo de pruebas, el Tribunal de Enjuiciamiento obtuvo los elementos suficientes para dictar sentencia condenatoria de 30 a\u00f1os de prisi\u00f3n en contra de Pastor E.A.F., por su responsabilidad en la comisi\u00f3n del delito de homicidio calificado con ventaja, adem\u00e1s de imponer el pago superior a m\u00e1s de medio mill\u00f3n de pesos, por concepto de la reparaci\u00f3n del da\u00f1o.<\/p>\n<p>&nbsp;<\/p>\n<p>La Fiscal\u00eda General del Estado de Oaxaca reafirma su compromiso con la procuraci\u00f3n de justicia y el fortalecimiento de las investigaciones para llevar ante la ley a los responsables de la comisi\u00f3n de delitos.<\/p>\n<p><img fetchpriority=\"high\" decoding=\"async\" class=\"alignnone size-medium wp-image-9776\" src=\"https:\/\/portal.fgeo.gob.mx\/wp-content\/uploads\/2025\/08\/WhatsApp-Image-2025-07-21-at-1.20.24-PM-300x217.jpeg\" alt=\"\" width=\"300\" height=\"217\" \/><\/p>\n","protected":false},"author":2,"featured_media":9771,"comment_status":"closed","ping_status":"closed","template":"","tags":[],"categoria_noticias":[],"class_list":["post-16968","noticias","type-noticias","status-publish","has-post-thumbnail","hentry"],"acf":[],"mb":[],"mfb_rest_fields":["title","gutenberg_elementor_mode"],"_links":{"self":[{"href":"https:\/\/portal.fgeo.gob.mx\/index.php\/wp-json\/wp\/v2\/noticias\/16968","targetHints":{"allow":["GET"]}}],"collection":[{"href":"https:\/\/portal.fgeo.gob.mx\/index.php\/wp-json\/wp\/v2\/noticias"}],"about":[{"href":"https:\/\/portal.fgeo.gob.mx\/index.php\/wp-json\/wp\/v2\/types\/noticias"}],"author":[{"embeddable":true,"href":"https:\/\/portal.fgeo.gob.mx\/index.php\/wp-json\/wp\/v2\/users\/2"}],"replies":[{"embeddable":true,"href":"https:\/\/portal.fgeo.gob.mx\/index.php\/wp-json\/wp\/v2\/comments?post=16968"}],"wp:featuredmedia":[{"embeddable":true,"href":"https:\/\/portal.fgeo.gob.mx\/index.php\/wp-json\/"}],"wp:attachment":[{"href":"https:\/\/portal.fgeo.gob.mx\/index.php\/wp-json\/wp\/v2\/media?parent=16968"}],"wp:term":[{"taxonomy":"post_tag","embeddable":true,"href":"https:\/\/portal.fgeo.gob.mx\/index.php\/wp-json\/wp\/v2\/tags?post=16968"},{"taxonomy":"categoria_noticias","embeddable":true,"href":"https:\/\/portal.fgeo.gob.mx\/index.php\/wp-json\/wp\/v2\/categoria_noticias?post=16968"}],"curies":[{"name":"wp","href":"https:\/\/api.w.org\/{rel}","templated":true}]}}