{"id":16967,"date":"2025-08-22T09:00:35","date_gmt":"2025-08-22T15:00:35","guid":{"rendered":"https:\/\/fge.oaxaca.gob.mx\/?post_type=noticias&amp;p=9772"},"modified":"2025-08-22T09:00:35","modified_gmt":"2025-08-22T15:00:35","slug":"boletin-1682-fiscalia-de-oaxaca-aprehende-en-el-estado-de-mexico-a-una-mujer-por-robo-de-una-caja-fuerte-cometido-al-ayuntamiento-de-san-mateo-pinas","status":"publish","type":"noticias","link":"https:\/\/portal.fgeo.gob.mx\/index.php\/archivos\/noticias\/boletin-1682-fiscalia-de-oaxaca-aprehende-en-el-estado-de-mexico-a-una-mujer-por-robo-de-una-caja-fuerte-cometido-al-ayuntamiento-de-san-mateo-pinas","title":{"rendered":"BOLET\u00cdN 1,682.- Fiscal\u00eda de Oaxaca aprehende en el Estado de M\u00e9xico a una mujer por robo de una caja fuerte cometido al Ayuntamiento de San Mateo Pi\u00f1as"},"content":{"rendered":"<p>&nbsp;<\/p>\n<p><strong>Oaxaca de Ju\u00e1rez, Oax. 22 de agosto de 2025.- <\/strong>La Fiscal\u00eda General del Estado de Oaxaca (FGEO), en colaboraci\u00f3n interinstitucional con la Fiscal\u00eda General de Justicia del Estado de M\u00e9xico, realizaron los trabajos correspondientes que permitieron la localizaci\u00f3n y aprehensi\u00f3n de una mujer identificada como L.B.G.R., por el delito de robo calificado con violencia a las cosas, cometido en perjuicio patrimonial del Ayuntamiento de San Mateo Pi\u00f1as ubicado en la regi\u00f3n de la Sierra Sur.<\/p>\n<p>&nbsp;<\/p>\n<p>La detenci\u00f3n de L.B.G.R fue efectuada por polic\u00edas de investigaci\u00f3n adscritos a la coordinaci\u00f3n de mandamientos judiciales, aprehensiones de Netzahualc\u00f3yotl en la colonia IIhuicamina del municipio de Ixtapaluca del estado de M\u00e9xico tras la solicitud de colaboraci\u00f3n de la Fiscal\u00eda de Oaxaca.<\/p>\n<p>&nbsp;<\/p>\n<p>De acuerdo con el expediente penal, el caso deriva de hechos ocurridos el 25 de marzo de 2024, cuando un grupo de personas entr\u00f3 a la tesorer\u00eda municipal de San Mateo Pi\u00f1as para sustraer de manera ilegal una caja fuerte con dinero en efectivo, la cual fue trasladada y escondida en un inmueble, el cual, de acuerdo con las indagatorias, era propiedad de la hoy detenida L.B.G.R.<\/p>\n<p>&nbsp;<\/p>\n<p>Una vez que la Fiscal\u00eda de Oaxaca, a trav\u00e9s de la Vicefiscal\u00eda Regional de Control Regional, inici\u00f3 las investigaciones derivado de la denuncia penal, logr\u00f3 obtener una orden de aprehensi\u00f3n en contra de L.B.G.R.<\/p>\n<p>&nbsp;<\/p>\n<p>Luego de su localizaci\u00f3n, L.B.G.R fue aprehendida y entregada a Agentes de investigaci\u00f3n de la Unidad Policial Especializada en el Combate al Secuestro (UECS) de la Fiscal\u00eda de Oaxaca para su debido proceso legal.<\/p>\n<p>&nbsp;<\/p>\n<p>La Fiscal\u00eda de Oaxaca lleva a cabo los trabajos de investigaci\u00f3n, en estrecha coordinaci\u00f3n con diferentes instancias para hacer m\u00e1s efectivas dichas labores.<\/p>\n<p><img decoding=\"async\" class=\"alignnone size-medium wp-image-9773\" src=\"https:\/\/portal.fgeo.gob.mx\/wp-content\/uploads\/2025\/08\/WhatsApp-Image-2025-08-22-at-8.45.35-AM-300x133.jpeg\" alt=\"\" width=\"300\" height=\"133\" \/><\/p>\n<p>&nbsp;<\/p>\n","protected":false},"author":2,"featured_media":9771,"comment_status":"closed","ping_status":"closed","template":"","tags":[],"categoria_noticias":[],"class_list":["post-16967","noticias","type-noticias","status-publish","has-post-thumbnail","hentry"],"acf":[],"mb":[],"mfb_rest_fields":["title","gutenberg_elementor_mode"],"_links":{"self":[{"href":"https:\/\/portal.fgeo.gob.mx\/index.php\/wp-json\/wp\/v2\/noticias\/16967","targetHints":{"allow":["GET"]}}],"collection":[{"href":"https:\/\/portal.fgeo.gob.mx\/index.php\/wp-json\/wp\/v2\/noticias"}],"about":[{"href":"https:\/\/portal.fgeo.gob.mx\/index.php\/wp-json\/wp\/v2\/types\/noticias"}],"author":[{"embeddable":true,"href":"https:\/\/portal.fgeo.gob.mx\/index.php\/wp-json\/wp\/v2\/users\/2"}],"replies":[{"embeddable":true,"href":"https:\/\/portal.fgeo.gob.mx\/index.php\/wp-json\/wp\/v2\/comments?post=16967"}],"wp:featuredmedia":[{"embeddable":true,"href":"https:\/\/portal.fgeo.gob.mx\/index.php\/wp-json\/"}],"wp:attachment":[{"href":"https:\/\/portal.fgeo.gob.mx\/index.php\/wp-json\/wp\/v2\/media?parent=16967"}],"wp:term":[{"taxonomy":"post_tag","embeddable":true,"href":"https:\/\/portal.fgeo.gob.mx\/index.php\/wp-json\/wp\/v2\/tags?post=16967"},{"taxonomy":"categoria_noticias","embeddable":true,"href":"https:\/\/portal.fgeo.gob.mx\/index.php\/wp-json\/wp\/v2\/categoria_noticias?post=16967"}],"curies":[{"name":"wp","href":"https:\/\/api.w.org\/{rel}","templated":true}]}}