{"id":16966,"date":"2025-08-21T16:00:23","date_gmt":"2025-08-21T22:00:23","guid":{"rendered":"https:\/\/fge.oaxaca.gob.mx\/?post_type=noticias&amp;p=9766"},"modified":"2025-08-21T16:00:23","modified_gmt":"2025-08-21T22:00:23","slug":"boletin-1681-fiscal-de-oaxaca-bernardo-rodriguez-alamilla-inaugura-encuentro-nacional-de-fiscales-electorales","status":"publish","type":"noticias","link":"https:\/\/portal.fgeo.gob.mx\/index.php\/archivos\/noticias\/boletin-1681-fiscal-de-oaxaca-bernardo-rodriguez-alamilla-inaugura-encuentro-nacional-de-fiscales-electorales","title":{"rendered":"BOLET\u00cdN 1,681.- Fiscal de Oaxaca, Bernardo Rodr\u00edguez Alamilla, inaugura Encuentro Nacional de Fiscales Electorales"},"content":{"rendered":"<p>&nbsp;<\/p>\n<ul>\n<li><em>Violencia pol\u00edtica por raz\u00f3n de g\u00e9nero e interculturalidad, puntos clave de la reuni\u00f3n nacional que se lleva a cabo en el centro de Oaxaca de Ju\u00e1rez<\/em><\/li>\n<\/ul>\n<p><strong>Oaxaca de Ju\u00e1rez, Oax. 21 de agosto de 2025.- <\/strong>En la inauguraci\u00f3n del Encuentro Nacional de Fiscales Electorales que se lleva a cabo en la capital de Oaxaca, el Fiscal General del Estado, Bernardo Rodr\u00edguez Alamilla resalt\u00f3 la importancia de este evento, dijo que es un espacio de di\u00e1logo horizontal que busca construir estrategias conjuntas y m\u00e1s efectivas para combatir la violencia pol\u00edtica, fortaleciendo al mismo tiempo la perspectiva intercultural y de g\u00e9nero en la investigaci\u00f3n de los delitos electorales.<\/p>\n<p>En el acto inaugural estuvieron presentes la Magistrada Presidenta del Tribunal Superior de Justicia de Oaxaca,\u00a0 Berenice Ram\u00edrez Jim\u00e9nez;\u00a0 el presidente de la Junta de Coordinaci\u00f3n Pol\u00edtica del Congreso de Oaxaca, Benjam\u00edn Viveros; el presidente de la Asociaci\u00f3n Mexicana de Fiscales Electorales, Daniel Omar Guti\u00e9rrez Ruvalcaba; la Magistrada Presidenta del Tribunal Electoral del Estado de Oaxaca, Sandra P\u00e9rez Cruz; la consejera Presidenta del Instituto Estatal Electoral y de Participaci\u00f3n Ciudadana de Oaxaca, Elizabeth S\u00e1nchez Gonz\u00e1lez.<\/p>\n<p>Adem\u00e1s de la titular de la Defensor\u00eda P\u00fablica Electoral para Mujeres Especializada en la Atenci\u00f3n de Asuntos de Paridad y Violencia Pol\u00edtica contra las Mujeres en Raz\u00f3n de G\u00e9nero, Mar\u00eda del Carmen Carre\u00f3n Castro, as\u00ed como el Fiscal Especializado en Delitos Electorales del Estado de Oaxaca, Iv\u00e1n Garc\u00eda L\u00f3pez.<\/p>\n<p>\u201cEste encuentro es una oportunidad de convergencia donde se armonizan criterios y se comparten buenas pr\u00e1cticas entre operadores de justicia de todo el pa\u00eds, partiendo de experiencias reales para transformar el conocimiento individual en soluciones colectivas. De esta manera, se garantiza que la justicia electoral se consolide como un verdadero instrumento para la defensa de los derechos de todas y todos\u201d, se\u00f1al\u00f3 el Fiscal de Oaxaca, Bernardo Rodr\u00edguez Alamilla<\/p>\n<p>A\u00f1adi\u00f3 que estas acciones facilitan que se coloque en el centro de la toma de decisiones a la ciudadan\u00eda a trav\u00e9s del di\u00e1logo horizontal para construir din\u00e1micas que mejoran los procesos de atenci\u00f3n y se analizan perspectivas que sirven para adecuar a las instituciones a los nuevos tiempos.<\/p>\n<p>El titular de la Fiscal\u00eda General del Estado de Oaxaca (FGEO), Bernardo Rodr\u00edguez Alamilla, resalt\u00f3 que \u201cel encuentro favorece la construcci\u00f3n de soluciones efectivas a problemas diversos, adem\u00e1s que a trav\u00e9s del intercambio de experiencias se pueden compartir pr\u00e1cticas novedosas y efectivas que permitan brindar a la sociedad soluciones efectivas y coadyuva en la eliminaci\u00f3n de la violencia pol\u00edtica\u201d.<\/p>\n<p>Por su parte, la consejera presidenta del Instituto Estatal Electoral y de Participaci\u00f3n Ciudadana de Oaxaca, Elizabeth S\u00e1nchez Gonz\u00e1lez dijo que es necesario abrir espacios donde se generen acciones que permitan incorporar perspectivas de g\u00e9nero e intercultural en los procesos de procuraci\u00f3n de justicia electoral.<\/p>\n<p>Mientras que el presidente de la Junta de Coordinaci\u00f3n Pol\u00edtica del Congreso de Oaxaca, Benjam\u00edn Viveros resalt\u00f3 que la procuraci\u00f3n de justicia en materia electoral debe ir de la mano de la realidad social y atender las preocupaciones y violencias que enfrenta la poblaci\u00f3n, especialmente mujeres e integrantes de comunidades ind\u00edgenas.<\/p>\n<p>Durante su participaci\u00f3n, la Magistrada Presidenta del Tribunal Superior de Justicia de Oaxaca, Berenice Ram\u00edrez Jim\u00e9nez, enfatiz\u00f3 que este encuentro coadyuva a mejorar las formas en las que las instituciones enfrentan grandes retos como la violencia pol\u00edtica por raz\u00f3n de g\u00e9nero, as\u00ed como garantizar que las y los integrantes de pueblos ind\u00edgenas no vean limitados a ejercer sus derechos.<\/p>\n<p>Asimismo, la titular de la Defensor\u00eda P\u00fablica Electoral para Mujeres Especializada en la Atenci\u00f3n de Asuntos de Paridad y Violencia Pol\u00edtica contra las Mujeres en Raz\u00f3n de G\u00e9nero, Mar\u00eda del Carmen Carre\u00f3n Castro, subray\u00f3 que la democracia en M\u00e9xico es pluricultural e interseccional, por ello requiere acciones que garanticen que todas las personas ejerzan plenamente sus derechos pol\u00edtico-electorales.<\/p>\n<p>El consejero del Instituto Nacional Electoral, Jorge Monta\u00f1o Ventura, manifest\u00f3 que en este espacio se trabaja en favor de la democracia del pa\u00eds pues, es un punto de convergencia entre quienes trabajamos en materia de procuraci\u00f3n de justicia para proteger los derechos pol\u00edtico electorales de las mexicanas y mexicanos.<\/p>\n<p>Finalmente, el presidente de la Asociaci\u00f3n Mexicana de Fiscales Electorales y Fiscal Especializado en Delitos Electorales del Estado de Aguascalientes, Daniel Omar Guti\u00e9rrez Ruvalcaba, expuso que a trav\u00e9s de este tipo de eventos es posible poner en la agenda nacional las problem\u00e1ticas en torno a los procesos de procuraci\u00f3n de justicia de los delitos electorales en cada entidad de M\u00e9xico, los cuales tienen relevancia pues sus efectos son sociales. Adem\u00e1s que, en esta ocasi\u00f3n, se abordan dos aspectos claves en la persecuci\u00f3n de delitos electorales: la violencia de g\u00e9nero y la interculturalidad.<\/p>\n<p><img fetchpriority=\"high\" decoding=\"async\" class=\"alignnone size-medium wp-image-9767\" src=\"https:\/\/portal.fgeo.gob.mx\/wp-content\/uploads\/2025\/08\/WhatsApp-Image-2025-08-21-at-1.46.04-PM-3-300x200.jpeg\" alt=\"\" width=\"300\" height=\"200\" \/><img decoding=\"async\" class=\"alignnone size-medium wp-image-9768\" src=\"https:\/\/portal.fgeo.gob.mx\/wp-content\/uploads\/2025\/08\/WhatsApp-Image-2025-08-21-at-1.46.04-PM-6-300x200.jpeg\" alt=\"\" width=\"300\" height=\"200\" \/> <img decoding=\"async\" class=\"alignnone size-medium wp-image-9769\" src=\"https:\/\/portal.fgeo.gob.mx\/wp-content\/uploads\/2025\/08\/WhatsApp-Image-2025-08-21-at-1.46.04-PM-4-300x200.jpeg\" alt=\"\" width=\"300\" height=\"200\" \/> <img loading=\"lazy\" decoding=\"async\" class=\"alignnone size-medium wp-image-9770\" src=\"https:\/\/portal.fgeo.gob.mx\/wp-content\/uploads\/2025\/08\/WhatsApp-Image-2025-08-21-at-1.46.03-PM-1-300x200.jpeg\" alt=\"\" width=\"300\" height=\"200\" \/><\/p>\n","protected":false},"author":2,"featured_media":9771,"comment_status":"closed","ping_status":"closed","template":"","tags":[],"categoria_noticias":[],"class_list":["post-16966","noticias","type-noticias","status-publish","has-post-thumbnail","hentry"],"acf":[],"mb":[],"mfb_rest_fields":["title","gutenberg_elementor_mode"],"_links":{"self":[{"href":"https:\/\/portal.fgeo.gob.mx\/index.php\/wp-json\/wp\/v2\/noticias\/16966","targetHints":{"allow":["GET"]}}],"collection":[{"href":"https:\/\/portal.fgeo.gob.mx\/index.php\/wp-json\/wp\/v2\/noticias"}],"about":[{"href":"https:\/\/portal.fgeo.gob.mx\/index.php\/wp-json\/wp\/v2\/types\/noticias"}],"author":[{"embeddable":true,"href":"https:\/\/portal.fgeo.gob.mx\/index.php\/wp-json\/wp\/v2\/users\/2"}],"replies":[{"embeddable":true,"href":"https:\/\/portal.fgeo.gob.mx\/index.php\/wp-json\/wp\/v2\/comments?post=16966"}],"wp:featuredmedia":[{"embeddable":true,"href":"https:\/\/portal.fgeo.gob.mx\/index.php\/wp-json\/"}],"wp:attachment":[{"href":"https:\/\/portal.fgeo.gob.mx\/index.php\/wp-json\/wp\/v2\/media?parent=16966"}],"wp:term":[{"taxonomy":"post_tag","embeddable":true,"href":"https:\/\/portal.fgeo.gob.mx\/index.php\/wp-json\/wp\/v2\/tags?post=16966"},{"taxonomy":"categoria_noticias","embeddable":true,"href":"https:\/\/portal.fgeo.gob.mx\/index.php\/wp-json\/wp\/v2\/categoria_noticias?post=16966"}],"curies":[{"name":"wp","href":"https:\/\/api.w.org\/{rel}","templated":true}]}}