{"id":16964,"date":"2025-08-21T12:15:38","date_gmt":"2025-08-21T18:15:38","guid":{"rendered":"https:\/\/fge.oaxaca.gob.mx\/?post_type=noticias&amp;p=9752"},"modified":"2025-08-21T12:15:38","modified_gmt":"2025-08-21T18:15:38","slug":"boletin-1679-fortalece-fiscalia-de-oaxaca-procesos-de-procuracion-de-justicia-con-diplomado-para-134-ministerios-publicos","status":"publish","type":"noticias","link":"https:\/\/portal.fgeo.gob.mx\/index.php\/archivos\/noticias\/boletin-1679-fortalece-fiscalia-de-oaxaca-procesos-de-procuracion-de-justicia-con-diplomado-para-134-ministerios-publicos","title":{"rendered":"BOLET\u00cdN 1,679.- Fortalece Fiscal\u00eda de Oaxaca procesos de procuraci\u00f3n de justicia con diplomado para 134 Ministerios P\u00fablicos"},"content":{"rendered":"<p><strong>Oaxaca de Ju\u00e1rez, Oax. 21 de agosto de 2025.- <\/strong>Durante la entrega de reconocimientos a quienes concluyeron el diplomado Formaci\u00f3n Avanzada para El Fortalecimiento de la Actuaci\u00f3n del Ministerio P\u00fablico, el Fiscal de Oaxaca, Bernardo Rodr\u00edguez Alamilla dijo que estos procesos formativos tienen el objetivo de elevar los est\u00e1ndares de trabajo, reducir los errores procesales y, sobre todo, garantizar que cada persona que acuda a la instituci\u00f3n encuentre una atenci\u00f3n pronta, transparente y respetuosa de su dignidad que les permita acceder a la justicia.<\/p>\n<p>&nbsp;<\/p>\n<p>Al poner en pr\u00e1ctica este tipo de actualizaciones, se refleja en la efectividad de la Fiscal\u00eda de Oaxaca, pues se increment\u00f3 un 46% en n\u00famero de vinculaci\u00f3n a proceso, de diciembre de 2024 a julio 2025.<\/p>\n<p>&nbsp;<\/p>\n<p>El titular de la Fiscal\u00eda General del Estado de Oaxaca, Bernardo Rodr\u00edguez Alamilla explic\u00f3 que la instituci\u00f3n tiene un compromiso continuo que es clave para brindar un servicio eficiente pues, una procuraci\u00f3n de justicia m\u00e1s eficaz demanda profesionales que no solo dominen el marco jur\u00eddico, sino tambi\u00e9n que apliquen herramientas de an\u00e1lisis novedosas en su labor diaria.<\/p>\n<p>&nbsp;<\/p>\n<p>A\u00f1adi\u00f3 que, este diplomado de alta formaci\u00f3n busca brindar a Agentes del Ministerio P\u00fablico, Agentes Estatales de Investigaci\u00f3n, peritas y peritos herramientas que les permitan realizar sus labores con mayor especializaci\u00f3n, adem\u00e1s es un proceso que acompa\u00f1a las acciones de fortalecimiento institucional, las cuales est\u00e1n enfocadas en colocar en el centro de las acciones a las v\u00edctimas.<\/p>\n<p>&nbsp;<\/p>\n<p>Rodr\u00edguez Alamilla puntualiz\u00f3 que este diplomado est\u00e1 enfocado en dar herramientas para profundizar en la teor\u00eda del caso, las etapas del proceso penal, poniendo especial \u00e9nfasis en las habilidades de litigaci\u00f3n, interrogatorio y contrainterrogatorio.<\/p>\n<p>&nbsp;<\/p>\n<p>El Fiscal de Oaxaca destac\u00f3 y reconoci\u00f3 el esfuerzo de las 134 personas participantes, quienes tambi\u00e9n recibieron formaci\u00f3n que les permite fortalecer la perspectiva de derechos humanos, g\u00e9nero, as\u00ed como en Mecanismos Alternativos de Soluci\u00f3n de Controversias, las cuales son herramientas indispensables para fortalecer los procesos de procuraci\u00f3n de justicia.<\/p>\n<p>&nbsp;<\/p>\n<p>Por su parte, la Magistrada Presidenta del Tribunal Superior de Justicia de Oaxaca, Berenice Ram\u00edrez Jim\u00e9nez, resalt\u00f3 la colaboraci\u00f3n interinstitucional que se construy\u00f3 para realizar este proceso formativo, el cual est\u00e1 dise\u00f1ado para que las y los servidores p\u00fablicos tengan los elementos suficientes para realizar sus actividades con mayor profesionalismo y mejores resultados.<\/p>\n<p>&nbsp;<\/p>\n<p>Mientras que el director del Instituto de Formaci\u00f3n y Capacitaci\u00f3n de la Fiscal\u00eda, Juan Pablo Morales Garc\u00eda, sostuvo que este diplomado responde a la necesidad de profesionalizaci\u00f3n continua que demanda la pr\u00e1ctica jur\u00eddica de una instituci\u00f3n como la FGEO, la cual exige que quienes forman parte de los procesos de procuraci\u00f3n de justicia reciban actualizaciones continuas sobre distintas t\u00e9cnicas jur\u00eddicas que les ayude a realizar un trabajo m\u00e1s eficiente y justo.<\/p>\n<p><img fetchpriority=\"high\" decoding=\"async\" class=\"alignnone size-medium wp-image-9753\" src=\"https:\/\/portal.fgeo.gob.mx\/wp-content\/uploads\/2025\/08\/WhatsApp-Image-2025-08-21-at-11.58.46-AM-3-300x200.jpeg\" alt=\"\" width=\"300\" height=\"200\" \/> <img decoding=\"async\" class=\"alignnone size-medium wp-image-9754\" src=\"https:\/\/portal.fgeo.gob.mx\/wp-content\/uploads\/2025\/08\/WhatsApp-Image-2025-08-21-at-11.58.46-AM-300x200.jpeg\" alt=\"\" width=\"300\" height=\"200\" \/> <img decoding=\"async\" class=\"alignnone size-medium wp-image-9755\" src=\"https:\/\/portal.fgeo.gob.mx\/wp-content\/uploads\/2025\/08\/WhatsApp-Image-2025-08-21-at-11.58.45-AM-8-300x200.jpeg\" alt=\"\" width=\"300\" height=\"200\" \/> <img loading=\"lazy\" decoding=\"async\" class=\"alignnone size-medium wp-image-9756\" src=\"https:\/\/portal.fgeo.gob.mx\/wp-content\/uploads\/2025\/08\/WhatsApp-Image-2025-08-21-at-11.58.45-AM-7-300x200.jpeg\" alt=\"\" width=\"300\" height=\"200\" \/> <img loading=\"lazy\" decoding=\"async\" class=\"alignnone size-medium wp-image-9757\" src=\"https:\/\/portal.fgeo.gob.mx\/wp-content\/uploads\/2025\/08\/WhatsApp-Image-2025-08-21-at-11.58.45-AM-3-300x200.jpeg\" alt=\"\" width=\"300\" height=\"200\" \/> <img loading=\"lazy\" decoding=\"async\" class=\"alignnone size-medium wp-image-9758\" src=\"https:\/\/portal.fgeo.gob.mx\/wp-content\/uploads\/2025\/08\/WhatsApp-Image-2025-08-21-at-11.58.45-AM-1-300x200.jpeg\" alt=\"\" width=\"300\" height=\"200\" \/> <img loading=\"lazy\" decoding=\"async\" class=\"alignnone size-medium wp-image-9759\" src=\"https:\/\/portal.fgeo.gob.mx\/wp-content\/uploads\/2025\/08\/WhatsApp-Image-2025-08-21-at-11.58.45-AM-300x225.jpeg\" alt=\"\" width=\"300\" height=\"225\" \/> <img loading=\"lazy\" decoding=\"async\" class=\"alignnone size-medium wp-image-9760\" src=\"https:\/\/portal.fgeo.gob.mx\/wp-content\/uploads\/2025\/08\/WhatsApp-Image-2025-08-21-at-11.58.44-AM-4-300x225.jpeg\" alt=\"\" width=\"300\" height=\"225\" \/> <img loading=\"lazy\" decoding=\"async\" class=\"alignnone size-medium wp-image-9761\" src=\"https:\/\/portal.fgeo.gob.mx\/wp-content\/uploads\/2025\/08\/WhatsApp-Image-2025-08-21-at-11.58.44-AM-3-300x200.jpeg\" alt=\"\" width=\"300\" height=\"200\" \/><\/p>\n","protected":false},"author":2,"featured_media":9719,"comment_status":"closed","ping_status":"closed","template":"","tags":[],"categoria_noticias":[],"class_list":["post-16964","noticias","type-noticias","status-publish","has-post-thumbnail","hentry"],"acf":[],"mb":[],"mfb_rest_fields":["title","gutenberg_elementor_mode"],"_links":{"self":[{"href":"https:\/\/portal.fgeo.gob.mx\/index.php\/wp-json\/wp\/v2\/noticias\/16964","targetHints":{"allow":["GET"]}}],"collection":[{"href":"https:\/\/portal.fgeo.gob.mx\/index.php\/wp-json\/wp\/v2\/noticias"}],"about":[{"href":"https:\/\/portal.fgeo.gob.mx\/index.php\/wp-json\/wp\/v2\/types\/noticias"}],"author":[{"embeddable":true,"href":"https:\/\/portal.fgeo.gob.mx\/index.php\/wp-json\/wp\/v2\/users\/2"}],"replies":[{"embeddable":true,"href":"https:\/\/portal.fgeo.gob.mx\/index.php\/wp-json\/wp\/v2\/comments?post=16964"}],"wp:featuredmedia":[{"embeddable":true,"href":"https:\/\/portal.fgeo.gob.mx\/index.php\/wp-json\/"}],"wp:attachment":[{"href":"https:\/\/portal.fgeo.gob.mx\/index.php\/wp-json\/wp\/v2\/media?parent=16964"}],"wp:term":[{"taxonomy":"post_tag","embeddable":true,"href":"https:\/\/portal.fgeo.gob.mx\/index.php\/wp-json\/wp\/v2\/tags?post=16964"},{"taxonomy":"categoria_noticias","embeddable":true,"href":"https:\/\/portal.fgeo.gob.mx\/index.php\/wp-json\/wp\/v2\/categoria_noticias?post=16964"}],"curies":[{"name":"wp","href":"https:\/\/api.w.org\/{rel}","templated":true}]}}