{"id":16963,"date":"2025-08-20T15:00:38","date_gmt":"2025-08-20T21:00:38","guid":{"rendered":"https:\/\/fge.oaxaca.gob.mx\/?post_type=noticias&amp;p=9745"},"modified":"2025-08-20T15:00:38","modified_gmt":"2025-08-20T21:00:38","slug":"boletin-1677-fiscalia-de-oaxaca-obtiene-vinculacion-a-proceso-contra-una-persona-por-violencia-familiar-y-violencia-de-pareja-cometido-en-valles-centrales","status":"publish","type":"noticias","link":"https:\/\/portal.fgeo.gob.mx\/index.php\/archivos\/noticias\/boletin-1677-fiscalia-de-oaxaca-obtiene-vinculacion-a-proceso-contra-una-persona-por-violencia-familiar-y-violencia-de-pareja-cometido-en-valles-centrales","title":{"rendered":"BOLET\u00cdN 1,677.- Fiscal\u00eda de Oaxaca obtiene vinculaci\u00f3n a proceso contra una persona por violencia familiar y violencia de pareja cometido en Valles Centrales"},"content":{"rendered":"<p style=\"font-weight: 400\"><strong>Oaxaca de Ju\u00e1rez, Oax. 20 de agosto de 2025.-\u00a0<\/strong>En acciones coordinadas en combate a delitos contra la mujer, la Fiscal\u00eda General del Estado de Oaxaca (FGEO) obtuvo auto de vinculaci\u00f3n a proceso en contra de una persona del sexo masculino identificado como R.A.P.B., por los delitos de violencia familiar y violencia de pareja, hechos cometidos en diferentes puntos de los Valles Centrales.<\/p>\n<p style=\"font-weight: 400\">De acuerdo con la carpeta de investigaci\u00f3n, la v\u00edctima fue agredida al menos, en seis ocasiones diferentes tanto en forma verbal como f\u00edsica, durante un periodo que abarca de 2023 a 2025.<\/p>\n<p style=\"font-weight: 400\">Los hechos ocurrieron en diferentes puntos de los Valles Centrales, principalmente en los municipios de Oaxaca de Ju\u00e1rez y Tlalixtac de Cabrera.<\/p>\n<p style=\"font-weight: 400\">Al tener conocimiento de los hechos, la FGEO inici\u00f3 las investigaciones correspondientes a trav\u00e9s de la Fiscal\u00eda Especializada en Delitos contra la Mujer por Raz\u00f3n de G\u00e9nero, la cual, despu\u00e9s de realizar las primeras indagatorias logr\u00f3 obtener una orden de aprehensi\u00f3n en contra de R.A.P.B., quien fue detenido por elementos de la Agencia Estatal de Investigaciones, posteriormente qued\u00f3 a disposici\u00f3n de la autoridad ministerial para determinar su situaci\u00f3n jur\u00eddica.<\/p>\n<p style=\"font-weight: 400\">Tras el desahogo de pruebas aportadas por la FGEO, el Juez de la causa dict\u00f3 vinculaci\u00f3n a proceso en contra de R.A.P.B., por los delitos de violencia familiar y violencia de pareja, adem\u00e1s de imponer la medida cautelar de prisi\u00f3n preventiva justificada otorgando el plazo de un mes para el cierre de la investigaci\u00f3n complementaria.<\/p>\n<p style=\"font-weight: 400\">La Fiscal\u00eda de Oaxaca reitera su compromiso de brindar atenci\u00f3n integral y eficiente en casos de delitos cometidos en contra mujeres, para lo cual aplica protocolos con perspectiva de g\u00e9nero que permitan brindar un proceso de procuraci\u00f3n de justicia especializado y cercano a las v\u00edctimas.<\/p>\n<p style=\"font-weight: 400\"><img decoding=\"async\" class=\"alignnone size-medium wp-image-9746\" src=\"https:\/\/portal.fgeo.gob.mx\/wp-content\/uploads\/2025\/08\/WhatsApp-Image-2025-08-20-at-12.36.41-PM-300x146.jpeg\" alt=\"\" width=\"300\" height=\"146\" \/><\/p>\n","protected":false},"author":2,"featured_media":9719,"comment_status":"closed","ping_status":"closed","template":"","tags":[],"categoria_noticias":[],"class_list":["post-16963","noticias","type-noticias","status-publish","has-post-thumbnail","hentry"],"acf":[],"mb":[],"mfb_rest_fields":["title","gutenberg_elementor_mode"],"_links":{"self":[{"href":"https:\/\/portal.fgeo.gob.mx\/index.php\/wp-json\/wp\/v2\/noticias\/16963","targetHints":{"allow":["GET"]}}],"collection":[{"href":"https:\/\/portal.fgeo.gob.mx\/index.php\/wp-json\/wp\/v2\/noticias"}],"about":[{"href":"https:\/\/portal.fgeo.gob.mx\/index.php\/wp-json\/wp\/v2\/types\/noticias"}],"author":[{"embeddable":true,"href":"https:\/\/portal.fgeo.gob.mx\/index.php\/wp-json\/wp\/v2\/users\/2"}],"replies":[{"embeddable":true,"href":"https:\/\/portal.fgeo.gob.mx\/index.php\/wp-json\/wp\/v2\/comments?post=16963"}],"wp:featuredmedia":[{"embeddable":true,"href":"https:\/\/portal.fgeo.gob.mx\/index.php\/wp-json\/"}],"wp:attachment":[{"href":"https:\/\/portal.fgeo.gob.mx\/index.php\/wp-json\/wp\/v2\/media?parent=16963"}],"wp:term":[{"taxonomy":"post_tag","embeddable":true,"href":"https:\/\/portal.fgeo.gob.mx\/index.php\/wp-json\/wp\/v2\/tags?post=16963"},{"taxonomy":"categoria_noticias","embeddable":true,"href":"https:\/\/portal.fgeo.gob.mx\/index.php\/wp-json\/wp\/v2\/categoria_noticias?post=16963"}],"curies":[{"name":"wp","href":"https:\/\/api.w.org\/{rel}","templated":true}]}}