{"id":16959,"date":"2025-08-19T11:51:20","date_gmt":"2025-08-19T17:51:20","guid":{"rendered":"https:\/\/fge.oaxaca.gob.mx\/?post_type=noticias&amp;p=9736"},"modified":"2025-08-19T11:51:20","modified_gmt":"2025-08-19T17:51:20","slug":"boletin-1673-fiscalia-de-oaxaca-obtiene-sentencia-condenatoria-de-15-anos-de-prision-contra-responsable-de-violacion-cometida-en-el-valle-de-etla","status":"publish","type":"noticias","link":"https:\/\/portal.fgeo.gob.mx\/index.php\/archivos\/noticias\/boletin-1673-fiscalia-de-oaxaca-obtiene-sentencia-condenatoria-de-15-anos-de-prision-contra-responsable-de-violacion-cometida-en-el-valle-de-etla","title":{"rendered":"BOLET\u00cdN 1,673.- Fiscal\u00eda de Oaxaca obtiene sentencia condenatoria de 15 a\u00f1os de prisi\u00f3n contra responsable de violaci\u00f3n cometida en el valle de Etla"},"content":{"rendered":"<p style=\"font-weight: 400\"><strong>Oaxaca de Ju\u00e1rez, Oax. 19 de agosto de 2025.-\u00a0<\/strong>Como parte de la estrategia de combate a los delitos cometidos en contra de ni\u00f1as, ni\u00f1os, adolescentes y mujeres, la Fiscal\u00eda General del Estado de Oaxaca (FGEO) obtuvo una sentencia de 15 a\u00f1os y seis meses de prisi\u00f3n en contra de una persona del sexo masculino identificada como Nery H.R.A., por su responsabilidad en la comisi\u00f3n del delito de violaci\u00f3n, ocurrido en la regi\u00f3n de los Valles Centrales.<\/p>\n<p style=\"font-weight: 400\">\n<p style=\"font-weight: 400\">El expediente penal del caso detalla que los hechos ocurrieron el 11 de septiembre de 2011, en un domicilio ubicado en el paraje Tierra Colorada de San Felipe Tejal\u00e1pam, Etla, lugar donde el imputado someti\u00f3 a la v\u00edctima -una adolescente de 16 a\u00f1os de edad, cuya identidad est\u00e1 reservada por ley- para posteriormente, atacarla sexualmente caus\u00e1ndole lesiones y trastornos emocionales.<\/p>\n<p style=\"font-weight: 400\">\n<p style=\"font-weight: 400\">Luego que la Fiscal\u00eda de Oaxaca recibi\u00f3 la denuncia correspondiente, se iniciaron las investigaciones ministeriales con perspectiva de g\u00e9nero a trav\u00e9s de la Vicefiscal\u00eda General de Control Regional, que logr\u00f3 la detenci\u00f3n del hoy sentenciado, a quien llev\u00f3 ante las autoridades ministeriales para su proceso legal.<\/p>\n<p style=\"font-weight: 400\">\n<p style=\"font-weight: 400\">Gracias a los resultados aportados por la FGEO derivado del trabajo multidisciplinario, el Tribunal de Enjuiciamiento tuvo los elementos suficientes para dictar sentencia condenatoria de 15 a\u00f1os y seis meses de prisi\u00f3n en contra de Nery H.R.A., por su responsabilidad en el delito de violaci\u00f3n, adem\u00e1s de imponerle el pago de una multa econ\u00f3mica establecida en la ley.<\/p>\n<p style=\"font-weight: 400\">\n<p style=\"font-weight: 400\">La Fiscal\u00eda General del Estado de Oaxaca tiene entre sus ejes rectores garantizar una vida libre de violencia para ni\u00f1as, ni\u00f1os y adolescentes, a trav\u00e9s de los mecanismos de procuraci\u00f3n de justicia que est\u00e1n a cargo de \u00e1reas especializadas y bien capacitadas para este tipo de labores.<\/p>\n","protected":false},"author":2,"featured_media":9719,"comment_status":"closed","ping_status":"closed","template":"","tags":[],"categoria_noticias":[],"class_list":["post-16959","noticias","type-noticias","status-publish","has-post-thumbnail","hentry"],"acf":[],"mb":[],"mfb_rest_fields":["title","gutenberg_elementor_mode"],"_links":{"self":[{"href":"https:\/\/portal.fgeo.gob.mx\/index.php\/wp-json\/wp\/v2\/noticias\/16959","targetHints":{"allow":["GET"]}}],"collection":[{"href":"https:\/\/portal.fgeo.gob.mx\/index.php\/wp-json\/wp\/v2\/noticias"}],"about":[{"href":"https:\/\/portal.fgeo.gob.mx\/index.php\/wp-json\/wp\/v2\/types\/noticias"}],"author":[{"embeddable":true,"href":"https:\/\/portal.fgeo.gob.mx\/index.php\/wp-json\/wp\/v2\/users\/2"}],"replies":[{"embeddable":true,"href":"https:\/\/portal.fgeo.gob.mx\/index.php\/wp-json\/wp\/v2\/comments?post=16959"}],"wp:featuredmedia":[{"embeddable":true,"href":"https:\/\/portal.fgeo.gob.mx\/index.php\/wp-json\/"}],"wp:attachment":[{"href":"https:\/\/portal.fgeo.gob.mx\/index.php\/wp-json\/wp\/v2\/media?parent=16959"}],"wp:term":[{"taxonomy":"post_tag","embeddable":true,"href":"https:\/\/portal.fgeo.gob.mx\/index.php\/wp-json\/wp\/v2\/tags?post=16959"},{"taxonomy":"categoria_noticias","embeddable":true,"href":"https:\/\/portal.fgeo.gob.mx\/index.php\/wp-json\/wp\/v2\/categoria_noticias?post=16959"}],"curies":[{"name":"wp","href":"https:\/\/api.w.org\/{rel}","templated":true}]}}