{"id":16958,"date":"2025-08-19T08:00:50","date_gmt":"2025-08-19T14:00:50","guid":{"rendered":"https:\/\/fge.oaxaca.gob.mx\/?post_type=noticias&amp;p=9734"},"modified":"2025-08-19T08:00:50","modified_gmt":"2025-08-19T14:00:50","slug":"boletin-1672-tras-operacion-sable-fiscalia-de-oaxaca-logra-vinculacion-a-proceso-y-prision-contra-dos-personas-por-dar-acceso-ilegal-a-c2-de-pinotepa-nacional","status":"publish","type":"noticias","link":"https:\/\/portal.fgeo.gob.mx\/index.php\/archivos\/noticias\/boletin-1672-tras-operacion-sable-fiscalia-de-oaxaca-logra-vinculacion-a-proceso-y-prision-contra-dos-personas-por-dar-acceso-ilegal-a-c2-de-pinotepa-nacional","title":{"rendered":"BOLET\u00cdN 1,672.- Tras Operaci\u00f3n Sable, Fiscal\u00eda de Oaxaca logra vinculaci\u00f3n a proceso y prisi\u00f3n contra dos personas por dar acceso ilegal a C2 de Pinotepa Nacional"},"content":{"rendered":"<p>&nbsp;<\/p>\n<p><strong>Oaxaca de Ju\u00e1rez, Oax. 19 de agosto de 2025.- <\/strong>Como resultado de la Operaci\u00f3n Sable desplegada en Pinotepa Nacional, la Fiscal\u00eda General del Estado de Oaxaca (FGEO) obtuvo la vinculaci\u00f3n a proceso de dos personas del sexo masculino identificadas como M.L.H. y C.G.B.R., encargado del C2 y responsable del mantenimiento de dicho sistema en ese municipio de la regi\u00f3n de la Costa, imputados por el delito Contra el Sistema de Seguridad P\u00fablica.<\/p>\n<p>&nbsp;<\/p>\n<p>Estas acciones ministeriales derivan de los trabajos t\u00e1cticos realizados durante el despliegue de la Operaci\u00f3n Sable implementada el 11 de agosto de 2025, en Pinotepa Nacional, operativo en el que la Fiscal\u00eda de Oaxaca trabaj\u00f3 de manera coordinada con la Agencia Estatal de Investigaciones (AEI), junto con la Secretar\u00eda de Gobierno (SEGO), la Secretar\u00eda de la Marina, Secretar\u00eda de la Defensa\u00a0 Nacional (DEFENSA), Guardia Nacional, Polic\u00eda Estatal, la Agencia Estatal de Investigaciones, el Secretariado Ejecutivo del Sistema Estatal de Seguridad P\u00fablica, el Centro de Control, Comando y Comunicaci\u00f3n (C4), as\u00ed como la Polic\u00eda Vial Estatal.<\/p>\n<p>&nbsp;<\/p>\n<p>Durante el operativo se realiz\u00f3 la revisi\u00f3n del centro de Control y Comando del Municipio, mejor conocido como C2, donde detectaron que daban accesos no autorizados a personas ajenas a las autoridades municipales.<\/p>\n<p>&nbsp;<\/p>\n<p>Por ello, detuvieron al encargado del C2, as\u00ed como a la persona encargada del mantenimiento t\u00e9cnico de este sistema.<\/p>\n<p>&nbsp;<\/p>\n<p>Gracias al trabajo ministerial de la Fiscal\u00eda de Oaxaca, a trav\u00e9s de la Vicefiscal\u00eda Regional de la Costa, se presentaron los datos de prueba suficientes por los que el Juez dict\u00f3 auto de vinculaci\u00f3n a proceso en contra de M.L.H. y C.G.B.R., encargado del C2 y responsable del mantenimiento de dicho sistema en Pinotepa Nacional, adem\u00e1s de conceder al Ministerio P\u00fablico el plazo tres meses para el cierre de investigaci\u00f3n complementaria,<\/p>\n<p>&nbsp;<\/p>\n<p>Con este tipo de operativos, la Fiscal\u00eda de Oaxaca trabaja de manera coordinada con los tres \u00f3rdenes de gobierno para restaurar la seguridad p\u00fablica para la ciudadan\u00eda en las ocho regiones de la entidad.<\/p>\n<p><img fetchpriority=\"high\" decoding=\"async\" class=\"alignnone size-medium wp-image-9735\" src=\"https:\/\/portal.fgeo.gob.mx\/wp-content\/uploads\/2025\/08\/WhatsApp-Image-2025-08-19-at-7.43.24-AM-266x300.jpeg\" alt=\"\" width=\"266\" height=\"300\" \/><\/p>\n","protected":false},"author":2,"featured_media":9719,"comment_status":"closed","ping_status":"closed","template":"","tags":[],"categoria_noticias":[],"class_list":["post-16958","noticias","type-noticias","status-publish","has-post-thumbnail","hentry"],"acf":[],"mb":[],"mfb_rest_fields":["title","gutenberg_elementor_mode"],"_links":{"self":[{"href":"https:\/\/portal.fgeo.gob.mx\/index.php\/wp-json\/wp\/v2\/noticias\/16958","targetHints":{"allow":["GET"]}}],"collection":[{"href":"https:\/\/portal.fgeo.gob.mx\/index.php\/wp-json\/wp\/v2\/noticias"}],"about":[{"href":"https:\/\/portal.fgeo.gob.mx\/index.php\/wp-json\/wp\/v2\/types\/noticias"}],"author":[{"embeddable":true,"href":"https:\/\/portal.fgeo.gob.mx\/index.php\/wp-json\/wp\/v2\/users\/2"}],"replies":[{"embeddable":true,"href":"https:\/\/portal.fgeo.gob.mx\/index.php\/wp-json\/wp\/v2\/comments?post=16958"}],"wp:featuredmedia":[{"embeddable":true,"href":"https:\/\/portal.fgeo.gob.mx\/index.php\/wp-json\/"}],"wp:attachment":[{"href":"https:\/\/portal.fgeo.gob.mx\/index.php\/wp-json\/wp\/v2\/media?parent=16958"}],"wp:term":[{"taxonomy":"post_tag","embeddable":true,"href":"https:\/\/portal.fgeo.gob.mx\/index.php\/wp-json\/wp\/v2\/tags?post=16958"},{"taxonomy":"categoria_noticias","embeddable":true,"href":"https:\/\/portal.fgeo.gob.mx\/index.php\/wp-json\/wp\/v2\/categoria_noticias?post=16958"}],"curies":[{"name":"wp","href":"https:\/\/api.w.org\/{rel}","templated":true}]}}