{"id":16956,"date":"2025-08-18T12:17:30","date_gmt":"2025-08-18T18:17:30","guid":{"rendered":"https:\/\/fge.oaxaca.gob.mx\/?post_type=noticias&amp;p=9730"},"modified":"2025-08-18T12:17:30","modified_gmt":"2025-08-18T18:17:30","slug":"boletin-1670-fiscalia-de-oaxaca-obtiene-vinculacion-a-proceso-contra-tres-personas-por-delitos-contra-la-salud-operaban-en-la-region-de-la-costa","status":"publish","type":"noticias","link":"https:\/\/portal.fgeo.gob.mx\/index.php\/archivos\/noticias\/boletin-1670-fiscalia-de-oaxaca-obtiene-vinculacion-a-proceso-contra-tres-personas-por-delitos-contra-la-salud-operaban-en-la-region-de-la-costa","title":{"rendered":"BOLET\u00cdN 1,670.- Fiscal\u00eda de Oaxaca obtiene vinculaci\u00f3n a proceso contra tres personas por delitos contra la salud, operaban en la regi\u00f3n de la Costa"},"content":{"rendered":"<p><strong>Oaxaca de Ju\u00e1rez, Oax. 18 de agosto de 2025.- <\/strong>La Fiscal\u00eda General del Estado de Oaxaca obtuvo la vinculaci\u00f3n a proceso contra tres personas por el delito contra la salud, cometido en la regi\u00f3n de la Costa, acciones derivadas de la Operaci\u00f3n Sable que forman parte de la estrategia de combate a la venta y distribuci\u00f3n de drogas, eje prioritario dentro del plan estatal de seguridad.<\/p>\n<p>&nbsp;<\/p>\n<p>Las detenciones fueron resultado de operaciones coordinadas a trav\u00e9s de la Agencia Estatal de Investigaciones (AEI), la Vicefiscal\u00eda Regional de la Costa, as\u00ed como la Secretar\u00eda de la Defensa Nacional (DEFENSA), Guardia Nacional y la Polic\u00eda Estatal, durante diversos operativos y cateos realizados en domicilios del municipio de San Sebasti\u00e1n Ixcapa, as\u00ed como en Santiago Pinotepa Nacional.<\/p>\n<p>&nbsp;<\/p>\n<p>Como resultado de estas acciones de inteligencia criminal se logr\u00f3 la detenci\u00f3n de una mujer identificada como C.G.P. y derivado del segundo despliegue policial se logr\u00f3 la captura de dos personas del sexo masculino identificados como A.J.P. y J.C.S., adem\u00e1s del aseguramiento de diversas bolsas que conten\u00edan drogas, tel\u00e9fonos celulares, armas de fuego y cartuchos \u00fatiles.<\/p>\n<p>&nbsp;<\/p>\n<p>Tras el desahogo de pruebas aportadas por la Fiscal\u00eda de Oaxaca, el Juez de la causa determin\u00f3 vincular a proceso a las tres personas por el delito contra la salud, adem\u00e1s de imponer las medidas correspondientes y otorgar un plazo para el cierre de la investigaci\u00f3n complementaria.<\/p>\n<p>&nbsp;<\/p>\n<p>Las labores de inteligencia que realiza la Fiscal\u00eda de Oaxaca dan certeza a las investigaciones ministeriales por diversos delitos, adem\u00e1s que permiten fortalecer la estrategia estatal de seguridad p\u00fablica y procuraci\u00f3n de justicia a favor de la ciudadan\u00eda en las diferentes regiones de la entidad.<\/p>\n<p><img fetchpriority=\"high\" decoding=\"async\" class=\"alignnone size-medium wp-image-9731\" src=\"https:\/\/portal.fgeo.gob.mx\/wp-content\/uploads\/2025\/08\/WhatsApp-Image-2025-08-13-at-9.40.59-AM-300x170.jpeg\" alt=\"\" width=\"300\" height=\"170\" \/><\/p>\n<p>&nbsp;<\/p>\n","protected":false},"author":2,"featured_media":9719,"comment_status":"closed","ping_status":"closed","template":"","tags":[],"categoria_noticias":[],"class_list":["post-16956","noticias","type-noticias","status-publish","has-post-thumbnail","hentry"],"acf":[],"mb":[],"mfb_rest_fields":["title","gutenberg_elementor_mode"],"_links":{"self":[{"href":"https:\/\/portal.fgeo.gob.mx\/index.php\/wp-json\/wp\/v2\/noticias\/16956","targetHints":{"allow":["GET"]}}],"collection":[{"href":"https:\/\/portal.fgeo.gob.mx\/index.php\/wp-json\/wp\/v2\/noticias"}],"about":[{"href":"https:\/\/portal.fgeo.gob.mx\/index.php\/wp-json\/wp\/v2\/types\/noticias"}],"author":[{"embeddable":true,"href":"https:\/\/portal.fgeo.gob.mx\/index.php\/wp-json\/wp\/v2\/users\/2"}],"replies":[{"embeddable":true,"href":"https:\/\/portal.fgeo.gob.mx\/index.php\/wp-json\/wp\/v2\/comments?post=16956"}],"wp:featuredmedia":[{"embeddable":true,"href":"https:\/\/portal.fgeo.gob.mx\/index.php\/wp-json\/"}],"wp:attachment":[{"href":"https:\/\/portal.fgeo.gob.mx\/index.php\/wp-json\/wp\/v2\/media?parent=16956"}],"wp:term":[{"taxonomy":"post_tag","embeddable":true,"href":"https:\/\/portal.fgeo.gob.mx\/index.php\/wp-json\/wp\/v2\/tags?post=16956"},{"taxonomy":"categoria_noticias","embeddable":true,"href":"https:\/\/portal.fgeo.gob.mx\/index.php\/wp-json\/wp\/v2\/categoria_noticias?post=16956"}],"curies":[{"name":"wp","href":"https:\/\/api.w.org\/{rel}","templated":true}]}}