{"id":16955,"date":"2025-08-18T09:23:52","date_gmt":"2025-08-18T15:23:52","guid":{"rendered":"https:\/\/fge.oaxaca.gob.mx\/?post_type=noticias&amp;p=9728"},"modified":"2025-08-18T09:23:52","modified_gmt":"2025-08-18T15:23:52","slug":"boletin-1669-fiscalia-de-oaxaca-detiene-a-lider-de-banda-dedicada-a-robo-de-vehiculos-en-la-capital","status":"publish","type":"noticias","link":"https:\/\/portal.fgeo.gob.mx\/index.php\/archivos\/noticias\/boletin-1669-fiscalia-de-oaxaca-detiene-a-lider-de-banda-dedicada-a-robo-de-vehiculos-en-la-capital","title":{"rendered":"BOLET\u00cdN 1,669.-Fiscal\u00eda de Oaxaca detiene a l\u00edder de banda dedicada a robo de veh\u00edculos en la capital"},"content":{"rendered":"<p>&nbsp;<\/p>\n<p><strong>Oaxaca de Ju\u00e1rez, Oax. 18 de agosto de 2025.- <\/strong>La Fiscal\u00eda General del Estado de Oaxaca (FGEO) realiz\u00f3 los trabajos de investigaci\u00f3n criminal que permitieron realizar la detenci\u00f3n de una persona del sexo masculino identificada como L.R.P., por el delito de Equiparado a Robo Espec\u00edfico, considerado como l\u00edder de la principal c\u00e9lula delictiva dedicada al robo de veh\u00edculos en la capital de la entidad.<\/p>\n<p>&nbsp;<\/p>\n<p>Los trabajos ministeriales de la Fiscal\u00eda de Oaxaca, a trav\u00e9s de la Vicefiscal\u00eda General Zona Centro, revelaron que L.R.P. encabezaba un grupo delictivo dedicado al robo de veh\u00edculos, principalmente en la zona Centro de la ciudad de Oaxaca de Ju\u00e1rez, adem\u00e1s se identific\u00f3 que, luego de robar los veh\u00edculos, los llevaban hacia la regi\u00f3n de la Mixteca.<\/p>\n<p>&nbsp;<\/p>\n<p>A partir de ello, se implementaron los protocolos de investigaci\u00f3n, gracias a los cuales se obtuvo la orden de aprehensi\u00f3n en su contra, la cual permiti\u00f3, que elementos de la Agencia Estatal de Investigaciones (AEI) llevaran a cabo la detenci\u00f3n legal para ponerlo a disposici\u00f3n de la autoridad correspondiente.<\/p>\n<p>&nbsp;<\/p>\n<p>La Fiscal\u00eda de Oaxaca da seguimiento a los trabajos ministeriales a partir de las denuncias penales para que las v\u00edctimas tengan procesos adecuados de procuraci\u00f3n de justicia y reparaci\u00f3n del da\u00f1o.<img fetchpriority=\"high\" decoding=\"async\" class=\"alignnone size-medium wp-image-9729\" src=\"https:\/\/portal.fgeo.gob.mx\/wp-content\/uploads\/2025\/08\/WhatsApp-Image-2025-08-18-at-9.16.53-AM-269x300.jpeg\" alt=\"\" width=\"269\" height=\"300\" \/><\/p>\n","protected":false},"author":2,"featured_media":9719,"comment_status":"closed","ping_status":"closed","template":"","tags":[],"categoria_noticias":[],"class_list":["post-16955","noticias","type-noticias","status-publish","has-post-thumbnail","hentry"],"acf":[],"mb":[],"mfb_rest_fields":["title","gutenberg_elementor_mode"],"_links":{"self":[{"href":"https:\/\/portal.fgeo.gob.mx\/index.php\/wp-json\/wp\/v2\/noticias\/16955","targetHints":{"allow":["GET"]}}],"collection":[{"href":"https:\/\/portal.fgeo.gob.mx\/index.php\/wp-json\/wp\/v2\/noticias"}],"about":[{"href":"https:\/\/portal.fgeo.gob.mx\/index.php\/wp-json\/wp\/v2\/types\/noticias"}],"author":[{"embeddable":true,"href":"https:\/\/portal.fgeo.gob.mx\/index.php\/wp-json\/wp\/v2\/users\/2"}],"replies":[{"embeddable":true,"href":"https:\/\/portal.fgeo.gob.mx\/index.php\/wp-json\/wp\/v2\/comments?post=16955"}],"wp:featuredmedia":[{"embeddable":true,"href":"https:\/\/portal.fgeo.gob.mx\/index.php\/wp-json\/"}],"wp:attachment":[{"href":"https:\/\/portal.fgeo.gob.mx\/index.php\/wp-json\/wp\/v2\/media?parent=16955"}],"wp:term":[{"taxonomy":"post_tag","embeddable":true,"href":"https:\/\/portal.fgeo.gob.mx\/index.php\/wp-json\/wp\/v2\/tags?post=16955"},{"taxonomy":"categoria_noticias","embeddable":true,"href":"https:\/\/portal.fgeo.gob.mx\/index.php\/wp-json\/wp\/v2\/categoria_noticias?post=16955"}],"curies":[{"name":"wp","href":"https:\/\/api.w.org\/{rel}","templated":true}]}}