{"id":16953,"date":"2025-08-16T15:05:49","date_gmt":"2025-08-16T21:05:49","guid":{"rendered":"https:\/\/fge.oaxaca.gob.mx\/?post_type=noticias&amp;p=9725"},"modified":"2025-08-16T15:05:49","modified_gmt":"2025-08-16T21:05:49","slug":"boletin-1667-fiscalia-de-oaxaca-detiene-a-dos-personas-por-homicidio-tras-incidente-de-transito-ocurrido-en-san-juan-bautista-tuxtepec","status":"publish","type":"noticias","link":"https:\/\/portal.fgeo.gob.mx\/index.php\/archivos\/noticias\/boletin-1667-fiscalia-de-oaxaca-detiene-a-dos-personas-por-homicidio-tras-incidente-de-transito-ocurrido-en-san-juan-bautista-tuxtepec","title":{"rendered":"BOLET\u00cdN 1,667.- Fiscal\u00eda de Oaxaca detiene a dos personas por homicidio tras incidente de tr\u00e1nsito ocurrido en San Juan Bautista Tuxtepec"},"content":{"rendered":"<p><strong>Oaxaca de Ju\u00e1rez, Oax. 16 de agosto de 2025.- <\/strong>Derivado de los trabajos de inteligencia criminal y reacci\u00f3n inmediata, la Fiscal\u00eda General del Estado de Oaxaca (FGEO) logr\u00f3 la detenci\u00f3n de dos personas del sexo masculino por el delito de homicidio calificado con ventaja cometido en agravio de G.S.E., ocurrido tras un incidente de tr\u00e1nsito en de San Juan Bautista Tuxtepec, en la regi\u00f3n de la Cuenca del Papaloapan.<\/p>\n<p>&nbsp;<\/p>\n<p>De acuerdo con el expediente penal, el 15 de agosto de 2025, se recibi\u00f3 el reporte sobre un hecho de tr\u00e1nsito vehicular sobre la Calzada Tecnol\u00f3gico, en la colonia 5 de Mayo del municipio de San Juan Bautista Tuxtepec.<\/p>\n<p>&nbsp;<\/p>\n<p>Al arribar, los efectivos observaron que el conductor de un veh\u00edculo de motor hab\u00eda perdido la vida y presentaba heridas provocadas por un objeto punzo cortante.<\/p>\n<p>&nbsp;<\/p>\n<p>Las investigaciones revelan que, el 15 de agosto del 2025, la v\u00edctima se encontraba a bordo de su veh\u00edculo de motor, sobre el fraccionamiento Los Mangos, San Juan Bautista Tuxtepec, cuando unas personas discutieron con la v\u00edctima.<\/p>\n<p>&nbsp;<\/p>\n<p>Derivado de este altercado, uno de los agresores empu\u00f1\u00f3 un arma punzo cortante(cuchillo) infligiendo lesiones en la v\u00edctima.<\/p>\n<p>&nbsp;<\/p>\n<p>Los agresores huyeron del lugar de los hechos.<\/p>\n<p>&nbsp;<\/p>\n<p>En tanto que, debido a la gravedad de las heridas la v\u00edctima se dirigi\u00f3 hac\u00edan la ciudad de Tuxtepec, para recibir atenci\u00f3n m\u00e9dica, sin embargo, perdi\u00f3 la vida mientras conduc\u00eda su veh\u00edculo.<\/p>\n<p>&nbsp;<\/p>\n<p>Luego de tomar conocimiento de los hechos, la FGEO, de forma inmediata atrajo el caso y despleg\u00f3 a un equipo multidisciplinario de la Vicefiscal\u00eda Regional de la Cuenca junto con elementos de la Agencia Estatal de Investigaciones (AEI) que lograron la detenci\u00f3n de dos personas por su probable participaci\u00f3n en estos hechos.<\/p>\n<p>&nbsp;<\/p>\n<p>La Fiscal\u00eda General garantiza investigaciones inmediatas para esclarecer delitos, aplicando todo el rigor de la Ley a quien o quienes resulten responsables.<\/p>\n<p>&nbsp;<\/p>\n","protected":false},"author":2,"featured_media":9719,"comment_status":"closed","ping_status":"closed","template":"","tags":[],"categoria_noticias":[],"class_list":["post-16953","noticias","type-noticias","status-publish","has-post-thumbnail","hentry"],"acf":[],"mb":[],"mfb_rest_fields":["title","gutenberg_elementor_mode"],"_links":{"self":[{"href":"https:\/\/portal.fgeo.gob.mx\/index.php\/wp-json\/wp\/v2\/noticias\/16953","targetHints":{"allow":["GET"]}}],"collection":[{"href":"https:\/\/portal.fgeo.gob.mx\/index.php\/wp-json\/wp\/v2\/noticias"}],"about":[{"href":"https:\/\/portal.fgeo.gob.mx\/index.php\/wp-json\/wp\/v2\/types\/noticias"}],"author":[{"embeddable":true,"href":"https:\/\/portal.fgeo.gob.mx\/index.php\/wp-json\/wp\/v2\/users\/2"}],"replies":[{"embeddable":true,"href":"https:\/\/portal.fgeo.gob.mx\/index.php\/wp-json\/wp\/v2\/comments?post=16953"}],"wp:featuredmedia":[{"embeddable":true,"href":"https:\/\/portal.fgeo.gob.mx\/index.php\/wp-json\/"}],"wp:attachment":[{"href":"https:\/\/portal.fgeo.gob.mx\/index.php\/wp-json\/wp\/v2\/media?parent=16953"}],"wp:term":[{"taxonomy":"post_tag","embeddable":true,"href":"https:\/\/portal.fgeo.gob.mx\/index.php\/wp-json\/wp\/v2\/tags?post=16953"},{"taxonomy":"categoria_noticias","embeddable":true,"href":"https:\/\/portal.fgeo.gob.mx\/index.php\/wp-json\/wp\/v2\/categoria_noticias?post=16953"}],"curies":[{"name":"wp","href":"https:\/\/api.w.org\/{rel}","templated":true}]}}