{"id":16948,"date":"2025-08-14T09:42:26","date_gmt":"2025-08-14T15:42:26","guid":{"rendered":"https:\/\/fge.oaxaca.gob.mx\/?post_type=noticias&amp;p=9700"},"modified":"2025-08-14T09:42:26","modified_gmt":"2025-08-14T15:42:26","slug":"boletin-1662-fiscalia-de-oaxaca-obtiene-vinculacion-a-proceso-contra-imputado-por-robo-de-celular-cometido-en-la-central-de-abasto-de-la-capital","status":"publish","type":"noticias","link":"https:\/\/portal.fgeo.gob.mx\/index.php\/archivos\/noticias\/boletin-1662-fiscalia-de-oaxaca-obtiene-vinculacion-a-proceso-contra-imputado-por-robo-de-celular-cometido-en-la-central-de-abasto-de-la-capital","title":{"rendered":"BOLET\u00cdN 1,662.- Fiscal\u00eda de Oaxaca obtiene vinculaci\u00f3n a proceso contra imputado por robo de celular cometido en la Central de Abasto de la capital"},"content":{"rendered":"<p><strong>Oaxaca de Ju\u00e1rez, Oax. 14 de agosto de 2025.- <\/strong>Como parte de las acciones de investigaci\u00f3n ministerial para combatir el fen\u00f3meno delictivo, la Fiscal\u00eda General del Estado de Oaxaca (FGEO) obtuvo auto de vinculaci\u00f3n a proceso en contra una persona del sexo masculino identificada como C.M.R.M., imputado por el delito de robo, ocurrido en la Central de Abasto de la capital.<\/p>\n<p>De acuerdo con lo asentado en el expediente penal del caso, los hechos sucedieron el 05 de agosto de 2025, cuando el imputado le arrebat\u00f3 el celular a una mujer que se encontraba sobre la avenida Ju\u00e1rez Maza, en inmediaciones de la zona seca de la Central de Abasto.<\/p>\n<p>De acuerdo con la investigaci\u00f3n ministerial, la v\u00edctima identificada como G.M.S., realizaba una llamada telef\u00f3nica cuando el imputado se le acerc\u00f3 y le arrebat\u00f3 su tel\u00e9fono celular para despu\u00e9s huir entre los puestos comerciales de la zona, sin embargo, a trav\u00e9s de un operativo efectuado por elementos de la Polic\u00eda Municipal de Oaxaca de Ju\u00e1rez fue capturado para despu\u00e9s ser puesto a disposici\u00f3n de las autoridades ministeriales.<\/p>\n<p>Tras estos hechos, la FGEO, a trav\u00e9s de la Vicefiscal\u00eda Regional de Valles Centrales, inici\u00f3 las investigaciones ministeriales que permitieron llevar ante el Juez a C.M.R.M.<\/p>\n<p>Una vez analizadas las pruebas aportadas por la FGEO, el juez que atiende la causa dict\u00f3 vinculaci\u00f3n a proceso e impuso la medida cautelar respectiva otorgando un mes para el cierre de la investigaci\u00f3n complementaria.<\/p>\n<p>La Fiscal\u00eda General del Estado de Oaxaca est\u00e1 comprometida con establecer l\u00edneas de investigaci\u00f3n s\u00f3lidas que permitan dar con quien o quienes resulten responsables de los delitos, y con ello, garantizar procesos de procuraci\u00f3n de justicia adecuados para las v\u00edctimas directas e indirectas.<\/p>\n<p><img fetchpriority=\"high\" decoding=\"async\" class=\"alignnone size-medium wp-image-9701\" src=\"https:\/\/portal.fgeo.gob.mx\/wp-content\/uploads\/2025\/08\/531679051_1225626996270655_4376512071939493311_n-300x228.jpg\" alt=\"\" width=\"300\" height=\"228\" \/><\/p>\n","protected":false},"author":2,"featured_media":9663,"comment_status":"closed","ping_status":"closed","template":"","tags":[],"categoria_noticias":[],"class_list":["post-16948","noticias","type-noticias","status-publish","has-post-thumbnail","hentry"],"acf":[],"mb":[],"mfb_rest_fields":["title","gutenberg_elementor_mode"],"_links":{"self":[{"href":"https:\/\/portal.fgeo.gob.mx\/index.php\/wp-json\/wp\/v2\/noticias\/16948","targetHints":{"allow":["GET"]}}],"collection":[{"href":"https:\/\/portal.fgeo.gob.mx\/index.php\/wp-json\/wp\/v2\/noticias"}],"about":[{"href":"https:\/\/portal.fgeo.gob.mx\/index.php\/wp-json\/wp\/v2\/types\/noticias"}],"author":[{"embeddable":true,"href":"https:\/\/portal.fgeo.gob.mx\/index.php\/wp-json\/wp\/v2\/users\/2"}],"replies":[{"embeddable":true,"href":"https:\/\/portal.fgeo.gob.mx\/index.php\/wp-json\/wp\/v2\/comments?post=16948"}],"wp:featuredmedia":[{"embeddable":true,"href":"https:\/\/portal.fgeo.gob.mx\/index.php\/wp-json\/"}],"wp:attachment":[{"href":"https:\/\/portal.fgeo.gob.mx\/index.php\/wp-json\/wp\/v2\/media?parent=16948"}],"wp:term":[{"taxonomy":"post_tag","embeddable":true,"href":"https:\/\/portal.fgeo.gob.mx\/index.php\/wp-json\/wp\/v2\/tags?post=16948"},{"taxonomy":"categoria_noticias","embeddable":true,"href":"https:\/\/portal.fgeo.gob.mx\/index.php\/wp-json\/wp\/v2\/categoria_noticias?post=16948"}],"curies":[{"name":"wp","href":"https:\/\/api.w.org\/{rel}","templated":true}]}}