{"id":16943,"date":"2025-08-12T12:52:10","date_gmt":"2025-08-12T18:52:10","guid":{"rendered":"https:\/\/fge.oaxaca.gob.mx\/?post_type=noticias&amp;p=9686"},"modified":"2025-08-12T12:52:10","modified_gmt":"2025-08-12T18:52:10","slug":"boletin-1657-fiscalia-de-oaxaca-ejecuta-orden-de-aprehension-y-detiene-a-dos-personas-por-violacion-tumultuaria-ocurrida-en-el-istmo-de-tehuantepec","status":"publish","type":"noticias","link":"https:\/\/portal.fgeo.gob.mx\/index.php\/archivos\/noticias\/boletin-1657-fiscalia-de-oaxaca-ejecuta-orden-de-aprehension-y-detiene-a-dos-personas-por-violacion-tumultuaria-ocurrida-en-el-istmo-de-tehuantepec","title":{"rendered":"BOLET\u00cdN 1,657.- Fiscal\u00eda de Oaxaca ejecuta orden de aprehensi\u00f3n y detiene a dos personas por violaci\u00f3n tumultuaria ocurrida en el Istmo de Tehuantepec"},"content":{"rendered":"<p>&nbsp;<\/p>\n<p><strong>Oaxaca de Ju\u00e1rez, Oax. 12 de agosto de 2025.- <\/strong>La Fiscal\u00eda General del Estado de Oaxaca (FGEO) ejecut\u00f3 dos \u00f3rdenes de aprehensi\u00f3n que permitieron la detenci\u00f3n de dos personas del sexo masculino identificadas como N.N.Z., y S.Z.M., por los delitos de violaci\u00f3n y violaci\u00f3n tumultuaria cometida en agravio de una menor de edad en la regi\u00f3n del Istmo.<\/p>\n<p>&nbsp;<\/p>\n<p>De acuerdo con los trabajos ministeriales en torno al caso, la detenci\u00f3n de N.N.Z. y S.Z.M., fue efectuada por Agentes Estatales de Investigaci\u00f3n (AEI) de la Vicefiscal\u00eda Regional del Istmo en inmediaciones de la calle Nicol\u00e1s Bravo de Ciudad Ixtepec, derivado de hechos cometidos en el a\u00f1o 2025 en agravio de una menor de edad, (cuya identidad est\u00e1 reservada por ley).<\/p>\n<p>&nbsp;<\/p>\n<p>Una vez que la Fiscal\u00eda de Oaxaca tuvo conocimiento del caso, inici\u00f3 las investigaciones bajo los protocolos correspondientes a trav\u00e9s de la Comandancia Especializada para la Atenci\u00f3n de Delitos contra la Mujer por Raz\u00f3n de G\u00e9nero de la Vicefiscal\u00eda Regional del Istmo, las cuales permitieron obtener una orden de aprehensi\u00f3n en contra de N.N.Z. y S.Z.M., quienes fueron detenidos y quedaron a disposici\u00f3n de la autoridad competente para que resuelvan su situaci\u00f3n jur\u00eddica.<\/p>\n<p>&nbsp;<\/p>\n<p>La Fiscal\u00eda de Oaxaca est\u00e1 comprometida con dar celeridad a las investigaciones relacionadas con delitos cometidos en contra de ni\u00f1as, ni\u00f1os, adolescente y mujeres, por ello, realiza los trabajos a trav\u00e9s de equipos multidisciplinarios que permitan fortalecer las l\u00edneas de investigaci\u00f3n y con ello brindar certeza a los procesos de procuraci\u00f3n de justicia.<\/p>\n<figure id=\"attachment_9687\" aria-describedby=\"caption-attachment-9687\" style=\"width: 300px\" class=\"wp-caption alignnone\"><img decoding=\"async\" class=\"size-medium wp-image-9687\" src=\"https:\/\/portal.fgeo.gob.mx\/wp-content\/uploads\/2025\/08\/Dise%C3%B1o-sin-t%C3%ADtulo-8-300x74.jpg\" alt=\"\" width=\"300\" height=\"74\" \/><figcaption id=\"caption-attachment-9687\" class=\"wp-caption-text\">Dise\u00f1o sin t\u00edtulo &#8211; 1<\/figcaption><\/figure>\n","protected":false},"author":2,"featured_media":9663,"comment_status":"closed","ping_status":"closed","template":"","tags":[],"categoria_noticias":[],"class_list":["post-16943","noticias","type-noticias","status-publish","has-post-thumbnail","hentry"],"acf":[],"mb":[],"mfb_rest_fields":["title","gutenberg_elementor_mode"],"_links":{"self":[{"href":"https:\/\/portal.fgeo.gob.mx\/index.php\/wp-json\/wp\/v2\/noticias\/16943","targetHints":{"allow":["GET"]}}],"collection":[{"href":"https:\/\/portal.fgeo.gob.mx\/index.php\/wp-json\/wp\/v2\/noticias"}],"about":[{"href":"https:\/\/portal.fgeo.gob.mx\/index.php\/wp-json\/wp\/v2\/types\/noticias"}],"author":[{"embeddable":true,"href":"https:\/\/portal.fgeo.gob.mx\/index.php\/wp-json\/wp\/v2\/users\/2"}],"replies":[{"embeddable":true,"href":"https:\/\/portal.fgeo.gob.mx\/index.php\/wp-json\/wp\/v2\/comments?post=16943"}],"wp:featuredmedia":[{"embeddable":true,"href":"https:\/\/portal.fgeo.gob.mx\/index.php\/wp-json\/"}],"wp:attachment":[{"href":"https:\/\/portal.fgeo.gob.mx\/index.php\/wp-json\/wp\/v2\/media?parent=16943"}],"wp:term":[{"taxonomy":"post_tag","embeddable":true,"href":"https:\/\/portal.fgeo.gob.mx\/index.php\/wp-json\/wp\/v2\/tags?post=16943"},{"taxonomy":"categoria_noticias","embeddable":true,"href":"https:\/\/portal.fgeo.gob.mx\/index.php\/wp-json\/wp\/v2\/categoria_noticias?post=16943"}],"curies":[{"name":"wp","href":"https:\/\/api.w.org\/{rel}","templated":true}]}}