{"id":16942,"date":"2025-08-12T09:15:42","date_gmt":"2025-08-12T15:15:42","guid":{"rendered":"https:\/\/fge.oaxaca.gob.mx\/?post_type=noticias&amp;p=9684"},"modified":"2025-08-12T09:15:42","modified_gmt":"2025-08-12T15:15:42","slug":"boletin-1656-fiscalia-de-oaxaca-aprehende-a-una-persona-por-tentativa-de-feminicidio-cometido-en-san-pablo-huixtepec","status":"publish","type":"noticias","link":"https:\/\/portal.fgeo.gob.mx\/index.php\/archivos\/noticias\/boletin-1656-fiscalia-de-oaxaca-aprehende-a-una-persona-por-tentativa-de-feminicidio-cometido-en-san-pablo-huixtepec","title":{"rendered":"BOLET\u00cdN 1,656.- Fiscal\u00eda de Oaxaca aprehende a una persona por tentativa de feminicidio cometido en San Pablo Huixtepec"},"content":{"rendered":"<p style=\"font-weight: 400\"><strong>Oaxaca de Ju\u00e1rez, Oax. 12 de agosto de 2025.-\u00a0<\/strong>Las investigaciones con perspectiva de g\u00e9nero que lleva a cabo la Fiscal\u00eda General del Estado de Oaxaca (FGEO) hicieron posible la ejecuci\u00f3n de una orden de aprehensi\u00f3n en contra de una persona del sexo masculino identificado como J.S.S.R., por el delito de feminicidio en grado de tentativa, ocurrido en la regi\u00f3n de los Valles Centrales.<\/p>\n<p style=\"font-weight: 400\">\n<p style=\"font-weight: 400\">Los hechos sucedieron el 05 de agosto de 2025, cuando la v\u00edctima -identificada como D.M.R.L.- se encontraba en un domicilio ubicado en el municipio de San Pablo Huixtepec, distrito de Zimatl\u00e1n, sitio donde fue atacada con un arma corto-contundente (machete), ocasion\u00e1ndole lesiones que pusieron en riesgo su vida.<\/p>\n<p style=\"font-weight: 400\">\n<p style=\"font-weight: 400\">La investigaci\u00f3n revela que, en el lugar, el agresor persigui\u00f3 y posteriormente agredi\u00f3 a la v\u00edctima. Ante esta agresi\u00f3n, la mujer agredida solicit\u00f3 ayuda, siendo auxiliada por terceras personas.<\/p>\n<p style=\"font-weight: 400\">\n<p style=\"font-weight: 400\">Al tener conocimiento del caso, la FGEO inici\u00f3 las indagatorias con perspectiva de g\u00e9nero a trav\u00e9s de la Vicefiscal\u00eda Regional de Valles Centrales, logrando obtener una orden de aprehensi\u00f3n en contra de J.S.S.R., por el delito de feminicidio en grado de tentativa.<\/p>\n<p style=\"font-weight: 400\">\n<p style=\"font-weight: 400\">Una vez localizado, J.S.S.R. fue detenido por Agentes Estatales de Investigaci\u00f3n (AEI) y puesto a disposici\u00f3n de la autoridad ministerial correspondiente para determinar su situaci\u00f3n jur\u00eddica.<\/p>\n<p style=\"font-weight: 400\">\n<p style=\"font-weight: 400\">La Fiscal\u00eda General del Estado de Oaxaca reitera su compromiso en esclarecer delitos de g\u00e9nero en la entidad, aplicando todo el rigor de la Ley a quien o quienes resulten responsables.<\/p>\n<p style=\"font-weight: 400\"><img decoding=\"async\" class=\"alignnone size-medium wp-image-9685\" src=\"https:\/\/portal.fgeo.gob.mx\/wp-content\/uploads\/2025\/08\/WhatsApp-Image-2025-08-11-at-10.46.17-AM-300x126.jpeg\" alt=\"\" width=\"300\" height=\"126\" \/><\/p>\n","protected":false},"author":2,"featured_media":9663,"comment_status":"closed","ping_status":"closed","template":"","tags":[],"categoria_noticias":[],"class_list":["post-16942","noticias","type-noticias","status-publish","has-post-thumbnail","hentry"],"acf":[],"mb":[],"mfb_rest_fields":["title","gutenberg_elementor_mode"],"_links":{"self":[{"href":"https:\/\/portal.fgeo.gob.mx\/index.php\/wp-json\/wp\/v2\/noticias\/16942","targetHints":{"allow":["GET"]}}],"collection":[{"href":"https:\/\/portal.fgeo.gob.mx\/index.php\/wp-json\/wp\/v2\/noticias"}],"about":[{"href":"https:\/\/portal.fgeo.gob.mx\/index.php\/wp-json\/wp\/v2\/types\/noticias"}],"author":[{"embeddable":true,"href":"https:\/\/portal.fgeo.gob.mx\/index.php\/wp-json\/wp\/v2\/users\/2"}],"replies":[{"embeddable":true,"href":"https:\/\/portal.fgeo.gob.mx\/index.php\/wp-json\/wp\/v2\/comments?post=16942"}],"wp:featuredmedia":[{"embeddable":true,"href":"https:\/\/portal.fgeo.gob.mx\/index.php\/wp-json\/"}],"wp:attachment":[{"href":"https:\/\/portal.fgeo.gob.mx\/index.php\/wp-json\/wp\/v2\/media?parent=16942"}],"wp:term":[{"taxonomy":"post_tag","embeddable":true,"href":"https:\/\/portal.fgeo.gob.mx\/index.php\/wp-json\/wp\/v2\/tags?post=16942"},{"taxonomy":"categoria_noticias","embeddable":true,"href":"https:\/\/portal.fgeo.gob.mx\/index.php\/wp-json\/wp\/v2\/categoria_noticias?post=16942"}],"curies":[{"name":"wp","href":"https:\/\/api.w.org\/{rel}","templated":true}]}}