{"id":16939,"date":"2025-08-08T17:00:34","date_gmt":"2025-08-08T23:00:34","guid":{"rendered":"https:\/\/fge.oaxaca.gob.mx\/?post_type=noticias&amp;p=9669"},"modified":"2025-08-08T17:00:34","modified_gmt":"2025-08-08T23:00:34","slug":"boletin-1653-ejecuta-fgeo-orden-de-aprehension-por-abuso-sexual-infantil-agravado-ocurrido-en-totontepec-villa-de-morelos-en-la-region-mixe","status":"publish","type":"noticias","link":"https:\/\/portal.fgeo.gob.mx\/index.php\/archivos\/noticias\/boletin-1653-ejecuta-fgeo-orden-de-aprehension-por-abuso-sexual-infantil-agravado-ocurrido-en-totontepec-villa-de-morelos-en-la-region-mixe","title":{"rendered":"BOLET\u00cdN 1,653.- Ejecuta FGEO orden de aprehensi\u00f3n por abuso sexual infantil agravado, ocurrido en Totontepec Villa de Morelos, en la regi\u00f3n Mixe"},"content":{"rendered":"<p><strong>Oaxaca de Ju\u00e1rez, Oax. 08 de agosto de 2025.- <\/strong>Como parte de la estrategia de cero tolerancia a delitos contra ni\u00f1as, ni\u00f1os y adolescentes, la Fiscal\u00eda General del Estado de Oaxaca (FGEO) dio cumplimiento a una orden de aprehensi\u00f3n en contra de una persona del sexo masculino identificada como A.F.P., por el delito de Abuso Sexual Infantil, ocurrido en la zona Mixe.<\/p>\n<p>&nbsp;<\/p>\n<p>De acuerdo con lo establecido en el expediente penal del caso, la agresi\u00f3n sexual en agravio de la v\u00edctima (una menor de edad, cuya identidad est\u00e1 reservada por ley) ocurri\u00f3 el 28 de julio de 2025, cuando acudi\u00f3 a un establecimiento ubicado en la localidad de Santiago Tepitongo del municipio de Totontepec Villa de Morelos.<\/p>\n<p>&nbsp;<\/p>\n<p>Cuando la FGEO recibi\u00f3 la denuncia correspondiente, inici\u00f3 las investigaciones -a trav\u00e9s de la Vicefiscal\u00eda General de Control Regional- y, derivado de los resultados, se obtuvo una orden de aprehensi\u00f3n a la cual se le dio cumplimiento con un operativo encabezado por la Agencia Estatal de Investigaciones (AEI) que logr\u00f3 la detenci\u00f3n de A.F.P.<\/p>\n<p>&nbsp;<\/p>\n<p>Una vez detenido, A.F.P. fue puesto a disposici\u00f3n de la autoridad que lo requiri\u00f3 para resolver su situaci\u00f3n jur\u00eddica.<\/p>\n<p>&nbsp;<\/p>\n<p>La Fiscal\u00eda del Estado de Oaxaca refrenda su compromiso de brindar una atenci\u00f3n integral y efectiva a las v\u00edctimas, especialmente cuando se trata de delitos cometidos en contra de ni\u00f1as, ni\u00f1os y adolescentes a efecto de garantizar el derecho a tener una vida libre de violencia.<\/p>\n<figure id=\"attachment_9670\" aria-describedby=\"caption-attachment-9670\" style=\"width: 300px\" class=\"wp-caption alignnone\"><img decoding=\"async\" class=\"size-medium wp-image-9670\" src=\"https:\/\/portal.fgeo.gob.mx\/wp-content\/uploads\/2025\/08\/Dise%C3%B1o-sin-t%C3%ADtulo-6-300x165.jpg\" alt=\"\" width=\"300\" height=\"165\" \/><figcaption id=\"caption-attachment-9670\" class=\"wp-caption-text\">Dise\u00f1o sin t\u00edtulo &#8211; 1<\/figcaption><\/figure>\n","protected":false},"author":2,"featured_media":9663,"comment_status":"closed","ping_status":"closed","template":"","tags":[],"categoria_noticias":[],"class_list":["post-16939","noticias","type-noticias","status-publish","has-post-thumbnail","hentry"],"acf":[],"mb":[],"mfb_rest_fields":["title","gutenberg_elementor_mode"],"_links":{"self":[{"href":"https:\/\/portal.fgeo.gob.mx\/index.php\/wp-json\/wp\/v2\/noticias\/16939","targetHints":{"allow":["GET"]}}],"collection":[{"href":"https:\/\/portal.fgeo.gob.mx\/index.php\/wp-json\/wp\/v2\/noticias"}],"about":[{"href":"https:\/\/portal.fgeo.gob.mx\/index.php\/wp-json\/wp\/v2\/types\/noticias"}],"author":[{"embeddable":true,"href":"https:\/\/portal.fgeo.gob.mx\/index.php\/wp-json\/wp\/v2\/users\/2"}],"replies":[{"embeddable":true,"href":"https:\/\/portal.fgeo.gob.mx\/index.php\/wp-json\/wp\/v2\/comments?post=16939"}],"wp:featuredmedia":[{"embeddable":true,"href":"https:\/\/portal.fgeo.gob.mx\/index.php\/wp-json\/"}],"wp:attachment":[{"href":"https:\/\/portal.fgeo.gob.mx\/index.php\/wp-json\/wp\/v2\/media?parent=16939"}],"wp:term":[{"taxonomy":"post_tag","embeddable":true,"href":"https:\/\/portal.fgeo.gob.mx\/index.php\/wp-json\/wp\/v2\/tags?post=16939"},{"taxonomy":"categoria_noticias","embeddable":true,"href":"https:\/\/portal.fgeo.gob.mx\/index.php\/wp-json\/wp\/v2\/categoria_noticias?post=16939"}],"curies":[{"name":"wp","href":"https:\/\/api.w.org\/{rel}","templated":true}]}}