{"id":16934,"date":"2025-08-07T11:38:06","date_gmt":"2025-08-07T17:38:06","guid":{"rendered":"https:\/\/fge.oaxaca.gob.mx\/?post_type=noticias&amp;p=9658"},"modified":"2025-08-07T11:38:06","modified_gmt":"2025-08-07T17:38:06","slug":"boletin-1648-fiscalia-de-oaxaca-realiza-trabajos-ministeriales-para-identificar-a-involucrados-en-altercado-en-el-que-ciclista-agrede-a-peaton-en-el-centro-de-la-capital","status":"publish","type":"noticias","link":"https:\/\/portal.fgeo.gob.mx\/index.php\/archivos\/noticias\/boletin-1648-fiscalia-de-oaxaca-realiza-trabajos-ministeriales-para-identificar-a-involucrados-en-altercado-en-el-que-ciclista-agrede-a-peaton-en-el-centro-de-la-capital","title":{"rendered":"BOLET\u00cdN 1,648.- Fiscal\u00eda de Oaxaca realiza trabajos ministeriales para identificar a involucrados en altercado en el que ciclista agrede a peat\u00f3n en el Centro de la capital"},"content":{"rendered":"<p>&nbsp;<\/p>\n<p><strong>Oaxaca de Ju\u00e1rez, Oax. 07 de agosto de 2025.- <\/strong>La Fiscal\u00eda General del Estado de Oaxaca (FGEO) lleva a cabo las investigaciones pertinentes ante la publicaci\u00f3n de un video en el que se observa un altercado entre un ciclista y un peat\u00f3n, hechos ocurridos en el centro de la ciudad de Oaxaca de Ju\u00e1rez.<\/p>\n<p>Derivado de esta publicaci\u00f3n que circula en diferentes plataformas de redes sociales, la FGEO inici\u00f3 de oficio la carpeta de investigaci\u00f3n, a trav\u00e9s de la Vicefiscal\u00eda Regional de Valles Centrales, a la espera de robustecer el proceso con la denuncia penal.<\/p>\n<p>Como resultado preliminar de la investigaci\u00f3n inicial, se estableci\u00f3 que, en primera instancia, el peat\u00f3n habr\u00eda agredido verbalmente a una mujer que circulaba en una bicicleta, cuando el viandante cruzaba de una banqueta a otra a mitad de la calle.<\/p>\n<p>Luego de este primer incidente, en el video, se observa el momento en que el ciclista que acompa\u00f1aba a la mujer detiene su marcha y agrede f\u00edsicamente al peat\u00f3n, quien es golpeado en varias ocasiones.<\/p>\n<p>En tanto que, la Fiscal\u00eda de Oaxaca corrobor\u00f3 que los hechos ocurrieron durante la ma\u00f1ana del pasado s\u00e1bado 2 de agosto de 2025, en la ciclov\u00eda de la Avenida Independencia de la ciudad de Oaxaca de Ju\u00e1rez.<\/p>\n<p>Adem\u00e1s, los trabajos ministeriales se enfocan en la identificaci\u00f3n de los involucrados, tomando en cuenta el material audiovisual que se ha publicado, para realizar un trabajo objetivo con el que sea posible establecer el nivel de responsabilidad de los involucrados.<\/p>\n<p>Para la Fiscal\u00eda de Oaxaca, la denuncia es clave en los procesos de procuraci\u00f3n de justicia a favor de las v\u00edctimas.<\/p>\n","protected":false},"author":2,"featured_media":9614,"comment_status":"closed","ping_status":"closed","template":"","tags":[],"categoria_noticias":[],"class_list":["post-16934","noticias","type-noticias","status-publish","has-post-thumbnail","hentry"],"acf":[],"mb":[],"mfb_rest_fields":["title","gutenberg_elementor_mode"],"_links":{"self":[{"href":"https:\/\/portal.fgeo.gob.mx\/index.php\/wp-json\/wp\/v2\/noticias\/16934","targetHints":{"allow":["GET"]}}],"collection":[{"href":"https:\/\/portal.fgeo.gob.mx\/index.php\/wp-json\/wp\/v2\/noticias"}],"about":[{"href":"https:\/\/portal.fgeo.gob.mx\/index.php\/wp-json\/wp\/v2\/types\/noticias"}],"author":[{"embeddable":true,"href":"https:\/\/portal.fgeo.gob.mx\/index.php\/wp-json\/wp\/v2\/users\/2"}],"replies":[{"embeddable":true,"href":"https:\/\/portal.fgeo.gob.mx\/index.php\/wp-json\/wp\/v2\/comments?post=16934"}],"wp:featuredmedia":[{"embeddable":true,"href":"https:\/\/portal.fgeo.gob.mx\/index.php\/wp-json\/"}],"wp:attachment":[{"href":"https:\/\/portal.fgeo.gob.mx\/index.php\/wp-json\/wp\/v2\/media?parent=16934"}],"wp:term":[{"taxonomy":"post_tag","embeddable":true,"href":"https:\/\/portal.fgeo.gob.mx\/index.php\/wp-json\/wp\/v2\/tags?post=16934"},{"taxonomy":"categoria_noticias","embeddable":true,"href":"https:\/\/portal.fgeo.gob.mx\/index.php\/wp-json\/wp\/v2\/categoria_noticias?post=16934"}],"curies":[{"name":"wp","href":"https:\/\/api.w.org\/{rel}","templated":true}]}}