{"id":16933,"date":"2025-08-07T09:51:24","date_gmt":"2025-08-07T15:51:24","guid":{"rendered":"https:\/\/fge.oaxaca.gob.mx\/?post_type=noticias&amp;p=9654"},"modified":"2025-08-07T09:51:24","modified_gmt":"2025-08-07T15:51:24","slug":"boletin-1647-fiscalia-de-oaxaca-obtiene-sentencia-condenatoria-de-150-anos-de-prision-contra-tres-responsables-de-secuestro","status":"publish","type":"noticias","link":"https:\/\/portal.fgeo.gob.mx\/index.php\/archivos\/noticias\/boletin-1647-fiscalia-de-oaxaca-obtiene-sentencia-condenatoria-de-150-anos-de-prision-contra-tres-responsables-de-secuestro","title":{"rendered":"BOLET\u00cdN 1,647.- Fiscal\u00eda de Oaxaca obtiene sentencia condenatoria de 150 a\u00f1os de prisi\u00f3n contra tres responsables de secuestro"},"content":{"rendered":"<p><strong>Oaxaca de Ju\u00e1rez, Oax. 07 de agosto de 2025.- <\/strong>Derivado del trabajo de investigaci\u00f3n ministerial que realiza la Fiscal\u00eda General del Estado de Oaxaca (FGEO) se obtuvieron tres sentencias condenatorias que suman un total de 150 a\u00f1os de prisi\u00f3n en contra de tres personas del sexo masculino identificadas como Misael P.R., Jonathan R.R.V., y Jos\u00e9 L.B.L., por su responsabilidad en la comisi\u00f3n del delito de secuestro agravado, cometido en la regi\u00f3n de la Cuenca del Papaloapan.<\/p>\n<p>&nbsp;<\/p>\n<p>De acuerdo con la causa penal, los hechos ocurrieron el 12 de enero de 2021, cuando los hoy sentenciados interceptaron a la v\u00edctima en calles de la ciudad de Tuxtepec, se trata de un hombre de\u00a0 80 a\u00f1os de edad identificado como C.O.F, para despu\u00e9s privarlo de su libertad y exigir a la familia una fuerte suma de dinero en efectivo como pago del rescate.<\/p>\n<p>&nbsp;<\/p>\n<p>Ante los hechos, la Fiscal\u00eda General del Estado de Oaxaca, a trav\u00e9s de la Fiscal\u00eda Especializada en Delitos de Alto Impacto y la Unidad Especializada en Combate al Secuestro (UECS), as\u00ed como la Vicefiscal\u00eda Regional de la Cuenca rescataron a la v\u00edctima como resultado de un fuerte operativo.<\/p>\n<p>&nbsp;<\/p>\n<p>Una vez localizados los responsables, los elementos de la Agencia Estatal de Investigaciones (AEI) dieron cumplimiento al mandato judicial logrando llevar ante el juez a los tres imputados para su proceso legal.<\/p>\n<p>&nbsp;<\/p>\n<p>Derivado de las audiencias respectivas y del desahogo de pruebas aportadas por la FGEO, el Tribunal de Enjuiciamiento consider\u00f3 suficientes los elementos probatorios para dictar sentencia condenatoria de 50 a\u00f1os de prisi\u00f3n en contra de cada uno de los responsables, identificados como Misael P.R., Jonathan R.R.V., y Jos\u00e9 L.B.L., por la comisi\u00f3n del delito de secuestro agravado, adem\u00e1s de imponer una multa y el pago por concepto de la reparaci\u00f3n del da\u00f1o.<\/p>\n<p>&nbsp;<\/p>\n<p>Con este resultado, la Fiscal\u00eda General del Estado de Oaxaca reafirma su compromiso con la procuraci\u00f3n de justicia y el fortalecimiento de las investigaciones para llevar ante la ley a quien o quienes cometen delitos.<\/p>\n<p><img fetchpriority=\"high\" decoding=\"async\" class=\"size-medium wp-image-9655\" src=\"https:\/\/portal.fgeo.gob.mx\/wp-content\/uploads\/2025\/08\/B.L-1-207x300.jpg\" alt=\"\" width=\"207\" height=\"300\" \/><\/p>\n<p><img decoding=\"async\" class=\"size-medium wp-image-9656\" src=\"https:\/\/portal.fgeo.gob.mx\/wp-content\/uploads\/2025\/08\/J.-246x300.jpg\" alt=\"\" width=\"246\" height=\"300\" \/><\/p>\n<p><img decoding=\"async\" class=\"alignnone size-medium wp-image-9657\" src=\"https:\/\/portal.fgeo.gob.mx\/wp-content\/uploads\/2025\/08\/M.P.R.-238x300.jpg\" alt=\"\" width=\"238\" height=\"300\" \/><\/p>\n","protected":false},"author":2,"featured_media":9614,"comment_status":"closed","ping_status":"closed","template":"","tags":[],"categoria_noticias":[],"class_list":["post-16933","noticias","type-noticias","status-publish","has-post-thumbnail","hentry"],"acf":[],"mb":[],"mfb_rest_fields":["title","gutenberg_elementor_mode"],"_links":{"self":[{"href":"https:\/\/portal.fgeo.gob.mx\/index.php\/wp-json\/wp\/v2\/noticias\/16933","targetHints":{"allow":["GET"]}}],"collection":[{"href":"https:\/\/portal.fgeo.gob.mx\/index.php\/wp-json\/wp\/v2\/noticias"}],"about":[{"href":"https:\/\/portal.fgeo.gob.mx\/index.php\/wp-json\/wp\/v2\/types\/noticias"}],"author":[{"embeddable":true,"href":"https:\/\/portal.fgeo.gob.mx\/index.php\/wp-json\/wp\/v2\/users\/2"}],"replies":[{"embeddable":true,"href":"https:\/\/portal.fgeo.gob.mx\/index.php\/wp-json\/wp\/v2\/comments?post=16933"}],"wp:featuredmedia":[{"embeddable":true,"href":"https:\/\/portal.fgeo.gob.mx\/index.php\/wp-json\/"}],"wp:attachment":[{"href":"https:\/\/portal.fgeo.gob.mx\/index.php\/wp-json\/wp\/v2\/media?parent=16933"}],"wp:term":[{"taxonomy":"post_tag","embeddable":true,"href":"https:\/\/portal.fgeo.gob.mx\/index.php\/wp-json\/wp\/v2\/tags?post=16933"},{"taxonomy":"categoria_noticias","embeddable":true,"href":"https:\/\/portal.fgeo.gob.mx\/index.php\/wp-json\/wp\/v2\/categoria_noticias?post=16933"}],"curies":[{"name":"wp","href":"https:\/\/api.w.org\/{rel}","templated":true}]}}