{"id":16932,"date":"2025-08-06T14:48:39","date_gmt":"2025-08-06T20:48:39","guid":{"rendered":"https:\/\/fge.oaxaca.gob.mx\/?post_type=noticias&amp;p=9652"},"modified":"2025-08-06T14:48:39","modified_gmt":"2025-08-06T20:48:39","slug":"boletin-1646-inicia-fgeo-investigaciones-tras-desalojo-de-tienda-de-abarrotes-y-allanamiento-en-albergue-estudiantil-en-san-martin-mexicapan-en-la-ciudad-de-oaxaca","status":"publish","type":"noticias","link":"https:\/\/portal.fgeo.gob.mx\/index.php\/archivos\/noticias\/boletin-1646-inicia-fgeo-investigaciones-tras-desalojo-de-tienda-de-abarrotes-y-allanamiento-en-albergue-estudiantil-en-san-martin-mexicapan-en-la-ciudad-de-oaxaca","title":{"rendered":"BOLET\u00cdN 1,646.- Inicia FGEO investigaciones tras desalojo de tienda de abarrotes y allanamiento en albergue estudiantil en San Mart\u00edn Mexicapan, en la ciudad de Oaxaca"},"content":{"rendered":"<p><strong>Oaxaca de Ju\u00e1rez, Oax. 06 de agosto de 2025.- <\/strong>La Fiscal\u00eda General del Estado de Oaxaca realiza los actos de investigaci\u00f3n correspondientes luego de recibir la denuncia por el desalojo ocurrido en el establecimiento \u201cSuper Mass\u201d, as\u00ed como el allanamiento al albergue Cultural y Estudiantil \u201cVillas de Monte Alb\u00e1n\u201d, ambos ubicados en San Mart\u00edn Mexicapan, agencia municipal de Oaxaca de Ju\u00e1rez.<\/p>\n<p>&nbsp;<\/p>\n<p>Los hechos ocurrieron durante la noche del 05 de agosto de 2025, cuando un grupo de personas arrib\u00f3 al establecimiento \u201cSuper Mass\u201d, ubicado en San Mart\u00edn Mexicapan, para llevar a cabo un desalojo.<\/p>\n<p>&nbsp;<\/p>\n<p>De acuerdo con la denuncia, habitantes del albergue estudiantil &#8220;Villas de Monte Alb\u00e1n&#8221; ubicado en esa zona, tambi\u00e9n expusieron ser \u201cv\u00edctimas de allanamiento, tras acudir a brindar apoyo al establecimiento Super Mass\u201d.<\/p>\n<p>&nbsp;<\/p>\n<p>Luego de tomar conocimiento del caso, la FGEO a trav\u00e9s de la Vicefiscal\u00eda Regional de Valles Centrales brinda acompa\u00f1amiento y atenci\u00f3n integral, adem\u00e1s de llevar a cabo las indagatorias en el lugar, para realizar una investigaci\u00f3n que considere todo el contexto de los hechos.<\/p>\n<p>&nbsp;<\/p>\n<p>La Fiscal\u00eda General del Estado de Oaxaca reitera su compromiso para esclarecer todo tipo de delitos, aplicando las herramientas legales para castigar a quien o quienes resulten responsables.<\/p>\n<p><img fetchpriority=\"high\" decoding=\"async\" class=\"alignnone size-medium wp-image-9653\" src=\"https:\/\/portal.fgeo.gob.mx\/wp-content\/uploads\/2025\/08\/WhatsApp-Image-2025-08-06-at-2.15.23-PM-300x225.jpeg\" alt=\"\" width=\"300\" height=\"225\" \/><\/p>\n","protected":false},"author":2,"featured_media":9614,"comment_status":"closed","ping_status":"closed","template":"","tags":[],"categoria_noticias":[],"class_list":["post-16932","noticias","type-noticias","status-publish","has-post-thumbnail","hentry"],"acf":[],"mb":[],"mfb_rest_fields":["title","gutenberg_elementor_mode"],"_links":{"self":[{"href":"https:\/\/portal.fgeo.gob.mx\/index.php\/wp-json\/wp\/v2\/noticias\/16932","targetHints":{"allow":["GET"]}}],"collection":[{"href":"https:\/\/portal.fgeo.gob.mx\/index.php\/wp-json\/wp\/v2\/noticias"}],"about":[{"href":"https:\/\/portal.fgeo.gob.mx\/index.php\/wp-json\/wp\/v2\/types\/noticias"}],"author":[{"embeddable":true,"href":"https:\/\/portal.fgeo.gob.mx\/index.php\/wp-json\/wp\/v2\/users\/2"}],"replies":[{"embeddable":true,"href":"https:\/\/portal.fgeo.gob.mx\/index.php\/wp-json\/wp\/v2\/comments?post=16932"}],"wp:featuredmedia":[{"embeddable":true,"href":"https:\/\/portal.fgeo.gob.mx\/index.php\/wp-json\/"}],"wp:attachment":[{"href":"https:\/\/portal.fgeo.gob.mx\/index.php\/wp-json\/wp\/v2\/media?parent=16932"}],"wp:term":[{"taxonomy":"post_tag","embeddable":true,"href":"https:\/\/portal.fgeo.gob.mx\/index.php\/wp-json\/wp\/v2\/tags?post=16932"},{"taxonomy":"categoria_noticias","embeddable":true,"href":"https:\/\/portal.fgeo.gob.mx\/index.php\/wp-json\/wp\/v2\/categoria_noticias?post=16932"}],"curies":[{"name":"wp","href":"https:\/\/api.w.org\/{rel}","templated":true}]}}