{"id":16930,"date":"2025-08-06T09:39:06","date_gmt":"2025-08-06T15:39:06","guid":{"rendered":"https:\/\/fge.oaxaca.gob.mx\/?post_type=noticias&amp;p=9647"},"modified":"2025-08-06T09:39:06","modified_gmt":"2025-08-06T15:39:06","slug":"boletin-1644-obtiene-fgeo-vinculacion-a-proceso-contra-j-a-m-alias-el-cholito-por-narcomenudeo-cometido-en-oaxaca-de-juarez-estaria-relacionado-en-robos-con-violencia-en-la-zona-de-san-juani","status":"publish","type":"noticias","link":"https:\/\/portal.fgeo.gob.mx\/index.php\/archivos\/noticias\/boletin-1644-obtiene-fgeo-vinculacion-a-proceso-contra-j-a-m-alias-el-cholito-por-narcomenudeo-cometido-en-oaxaca-de-juarez-estaria-relacionado-en-robos-con-violencia-en-la-zona-de-san-juani","title":{"rendered":"BOLET\u00cdN 1,644.- Obtiene FGEO vinculaci\u00f3n a proceso contra J.A.M., alias &#8216;El Cholito&#8217; por Narcomenudeo cometido en Oaxaca de Ju\u00e1rez; estar\u00eda relacionado en robos con violencia en la zona de San Juanito"},"content":{"rendered":"<p><strong>Oaxaca de Ju\u00e1rez, Oax. 06de agosto de 2025.-<\/strong> Como parte de las acciones de investigaci\u00f3n ministerial para combatir los delitos de alto impacto, la Fiscal\u00eda General del Estado de Oaxaca (FGEO) obtuvo auto de vinculaci\u00f3n a proceso en contra de una persona del sexo masculino identificada como J.A.M., alias &#8220;El Cholito&#8221;, por el delito contra la Salud en su modalidad de Narcomenudeo en su hip\u00f3tesis de posesi\u00f3n fines de suministro, quien operaba en la Zona Metropolitana.<\/p>\n<p>&nbsp;<\/p>\n<p>De acuerdo con el informe ministerial, J.A.M. fue detenido por Agentes Estatales de Investigaci\u00f3n (AEI) luego de que entre sus pertenencias llevara dosis de la droga conocida como coca\u00edna, objetos hallados tras una revisi\u00f3n legal de rutina que deriv\u00f3 de un reporte por alteraci\u00f3n del orden p\u00fablico.<\/p>\n<p>&nbsp;<\/p>\n<p>Una vez realizada la revisi\u00f3n y tras cotejar sus generales, la Fiscal\u00eda de Oaxaca, a trav\u00e9s de la Vicefiscal\u00eda Regional de Valles Centrales pudo establecer que el imputado era buscado por delitos de robo con violencia en la agencia de San Juan Chapultepec perteneciente al municipio de Oaxaca de Ju\u00e1rez.<\/p>\n<p>&nbsp;<\/p>\n<p>En audiencia y tras el desahogo de pruebas aportadas por la FGEO, el Juez de Control dict\u00f3 auto de vinculaci\u00f3n a proceso en contra del imputado, por el delito contra la Salud en su modalidad de Narcomenudeo en su hip\u00f3tesis de posesi\u00f3n con fines de suministro, otorgando el plazo de un mes para el cierre de la investigaci\u00f3n complementaria.<\/p>\n<p>&nbsp;<\/p>\n<p>La Fiscal\u00eda General de Oaxaca, refrenda su compromiso de seguir trabajando para combatir este tipo de delitos que da\u00f1an el tejido social y atentan contra el bienestar de la sociedad oaxaque\u00f1a.<\/p>\n<p><img decoding=\"async\" class=\"alignnone size-medium wp-image-9648\" src=\"https:\/\/portal.fgeo.gob.mx\/wp-content\/uploads\/2025\/08\/WhatsApp-Image-2025-08-04-at-5.09.52-PM-300x158.jpeg\" alt=\"\" width=\"300\" height=\"158\" \/><\/p>\n","protected":false},"author":2,"featured_media":9614,"comment_status":"closed","ping_status":"closed","template":"","tags":[],"categoria_noticias":[],"class_list":["post-16930","noticias","type-noticias","status-publish","has-post-thumbnail","hentry"],"acf":[],"mb":[],"mfb_rest_fields":["title","gutenberg_elementor_mode"],"_links":{"self":[{"href":"https:\/\/portal.fgeo.gob.mx\/index.php\/wp-json\/wp\/v2\/noticias\/16930","targetHints":{"allow":["GET"]}}],"collection":[{"href":"https:\/\/portal.fgeo.gob.mx\/index.php\/wp-json\/wp\/v2\/noticias"}],"about":[{"href":"https:\/\/portal.fgeo.gob.mx\/index.php\/wp-json\/wp\/v2\/types\/noticias"}],"author":[{"embeddable":true,"href":"https:\/\/portal.fgeo.gob.mx\/index.php\/wp-json\/wp\/v2\/users\/2"}],"replies":[{"embeddable":true,"href":"https:\/\/portal.fgeo.gob.mx\/index.php\/wp-json\/wp\/v2\/comments?post=16930"}],"wp:featuredmedia":[{"embeddable":true,"href":"https:\/\/portal.fgeo.gob.mx\/index.php\/wp-json\/"}],"wp:attachment":[{"href":"https:\/\/portal.fgeo.gob.mx\/index.php\/wp-json\/wp\/v2\/media?parent=16930"}],"wp:term":[{"taxonomy":"post_tag","embeddable":true,"href":"https:\/\/portal.fgeo.gob.mx\/index.php\/wp-json\/wp\/v2\/tags?post=16930"},{"taxonomy":"categoria_noticias","embeddable":true,"href":"https:\/\/portal.fgeo.gob.mx\/index.php\/wp-json\/wp\/v2\/categoria_noticias?post=16930"}],"curies":[{"name":"wp","href":"https:\/\/api.w.org\/{rel}","templated":true}]}}