{"id":16929,"date":"2025-08-05T12:53:38","date_gmt":"2025-08-05T18:53:38","guid":{"rendered":"https:\/\/fge.oaxaca.gob.mx\/?post_type=noticias&amp;p=9643"},"modified":"2025-08-05T12:53:38","modified_gmt":"2025-08-05T18:53:38","slug":"boletin-1643-como-parte-de-estrategia-contra-la-violencia-sexual-y-familiar-la-fgeo-aprehende-a-una-persona-y-vincula-a-dos-mas-en-las-regiones-de-la-costa-y-valles-centrales","status":"publish","type":"noticias","link":"https:\/\/portal.fgeo.gob.mx\/index.php\/archivos\/noticias\/boletin-1643-como-parte-de-estrategia-contra-la-violencia-sexual-y-familiar-la-fgeo-aprehende-a-una-persona-y-vincula-a-dos-mas-en-las-regiones-de-la-costa-y-valles-centrales","title":{"rendered":"BOLET\u00cdN 1,643.- Como parte de estrategia contra la violencia sexual y familiar, la FGEO aprehende a una persona y vincula a dos m\u00e1s en las regiones de la Costa y Valles Centrales"},"content":{"rendered":"<p><strong>Oaxaca de Ju\u00e1rez, Oax. 05 de agosto de 2025.-<\/strong> En acciones coordinadas en combate a delitos contra la mujer por violencia sexual y familiar, la Fiscal\u00eda General del Estado de Oaxaca (FGEO) dio cumplimiento a una orden de aprehensi\u00f3n que permiti\u00f3 la detenci\u00f3n de una persona del sexo masculino y logr\u00f3 la vinculaci\u00f3n a proceso de dos m\u00e1s en las regiones de la Costa y Valles Centrales.<\/p>\n<p>&nbsp;<\/p>\n<p>De acuerdo con el informe ministerial de la FGEO, la orden de aprehensi\u00f3n ejecutada por elementos de la Agencia Estatal de Investigaciones (AEI) se dio en contra de un hombre identificado como F.L.M., por el delito de abuso sexual.<\/p>\n<p>&nbsp;<\/p>\n<p>La investigaci\u00f3n de este caso, revela que los hechos ocurrieron el 21 de diciembre de 2014, en un domicilio ubicado en jurisdicci\u00f3n del valle de Etla, lugar donde la v\u00edctima, una adolescente, cuya identidad est\u00e1 reservada por ley, que en ese tiempo contaba con 14 a\u00f1os de edad, fue atacada sexualmente.<\/p>\n<p>&nbsp;<\/p>\n<p>Tras estos hechos y derivado de la denuncia, la FGEO a trav\u00e9s de la Vicefiscal\u00eda Regional de Valles Centrales llev\u00f3 a cabo las investigaciones con perspectiva de infancia y g\u00e9nero, logrando obtener una orden de aprehensi\u00f3n en contra de F.L.M. por el delito de abuso sexual, por lo que fue presentado ante la autoridad competente.<\/p>\n<p>&nbsp;<\/p>\n<p><strong>Logra vinculaci\u00f3n a proceso contra dos imputados por violencia familiar<\/strong><\/p>\n<p><strong>\u00a0<\/strong><\/p>\n<p>Respecto a los otros dos casos, la Fiscal\u00eda de Oaxaca a trav\u00e9s de la Vicefiscal\u00eda Regional de la Costa logr\u00f3 obtener auto de vinculaci\u00f3n a proceso en contra de dos masculinos identificados como F.C.G., y M.B., imputados por diferentes casos de violencia familiar.<\/p>\n<p>&nbsp;<\/p>\n<p>Uno de estos casos ocurri\u00f3 el d\u00eda 25 de julio de 2025 en un domicilio ubicado en la colonia Marinero de Santa Mar\u00eda Colotepec donde el imputado F.C.G., habr\u00eda violentado a una mujer identificada como A.C.M., por lo que fue aprehendido y presentado ante la autoridad competente.<\/p>\n<p>&nbsp;<\/p>\n<p>La autoridad judicial llev\u00f3 a cabo la audiencia respectiva, para posteriormente dictar auto de vinculaci\u00f3n a proceso en contra del imputado, por el delito de violencia familiar e impuso la medida cautelar de prisi\u00f3n preventiva justificada, adem\u00e1s de otorgar dos meses para el cierre de la investigaci\u00f3n complementaria.<\/p>\n<p>&nbsp;<\/p>\n<p>Mientras que la otra vinculaci\u00f3n a proceso, que qued\u00f3 a cargo de la Vicefiscal\u00eda Regional de la Costa, se efectu\u00f3 en contra de M.B., por el delito de violencia familiar en agravio de D.K., su pareja.<\/p>\n<p>&nbsp;<\/p>\n<p>En este caso, la FGEO detall\u00f3 que la agresi\u00f3n ocurri\u00f3 en diferentes fechas de marzo, junio y julio de 2025, cuando la v\u00edctima sufri\u00f3 diversos tipos de violencia e incluso un intento de despojo de su empresa denominada &#8220;Maracuya Design&#8221; con la que compart\u00eda acciones con el imputado.<\/p>\n<p>&nbsp;<\/p>\n<p>Una vez que la Fiscal\u00eda de Oaxaca, logr\u00f3 obtener evidencias suficientes, obtuvo la orden de aprehensi\u00f3n contra M.B., para posteriormente ponerlo a disposici\u00f3n de la autoridad judicial.<\/p>\n<p>&nbsp;<\/p>\n<p>Tras el desahogo de pruebas aportadas por la FGEO, el juez de la causa dict\u00f3 el auto de vinculaci\u00f3n a proceso contra M.B., por el delito de violencia familiar e impuso la medida cautelar respectiva otorgando un plazo de dos meses para el cierre de la investigaci\u00f3n complementaria.<\/p>\n<p>&nbsp;<\/p>\n<p>La Fiscal\u00eda General del Estado de Oaxaca realiza investigaciones multidisciplinarias, adem\u00e1s de brindar acompa\u00f1amiento integral a las v\u00edctimas, pues la instituci\u00f3n est\u00e1 comprometida con brindar certeza en materia de procuraci\u00f3n de justicia a las mujeres, ni\u00f1as y adolescentes v\u00edctimas del delito de violencia familiar.<\/p>\n<p><img decoding=\"async\" class=\"size-medium wp-image-9644\" src=\"https:\/\/portal.fgeo.gob.mx\/wp-content\/uploads\/2025\/08\/Dise%C3%B1o-sin-t%C3%ADtulo-4-300x106.jpg\" alt=\"\" width=\"300\" height=\"106\" \/><\/p>\n<p><img fetchpriority=\"high\" decoding=\"async\" class=\"size-medium wp-image-9645\" src=\"https:\/\/portal.fgeo.gob.mx\/wp-content\/uploads\/2025\/08\/Dise%C3%B1o-sin-t%C3%ADtulo-1-1-300x292.jpg\" alt=\"\" width=\"300\" height=\"292\" \/><\/p>\n<p><img decoding=\"async\" class=\"size-medium wp-image-9646\" src=\"https:\/\/portal.fgeo.gob.mx\/wp-content\/uploads\/2025\/08\/Dise%C3%B1o-sin-t%C3%ADtulo-2-1-300x180.jpg\" alt=\"\" width=\"300\" height=\"180\" \/><\/p>\n","protected":false},"author":2,"featured_media":9614,"comment_status":"closed","ping_status":"closed","template":"","tags":[],"categoria_noticias":[],"class_list":["post-16929","noticias","type-noticias","status-publish","has-post-thumbnail","hentry"],"acf":[],"mb":[],"mfb_rest_fields":["title","gutenberg_elementor_mode"],"_links":{"self":[{"href":"https:\/\/portal.fgeo.gob.mx\/index.php\/wp-json\/wp\/v2\/noticias\/16929","targetHints":{"allow":["GET"]}}],"collection":[{"href":"https:\/\/portal.fgeo.gob.mx\/index.php\/wp-json\/wp\/v2\/noticias"}],"about":[{"href":"https:\/\/portal.fgeo.gob.mx\/index.php\/wp-json\/wp\/v2\/types\/noticias"}],"author":[{"embeddable":true,"href":"https:\/\/portal.fgeo.gob.mx\/index.php\/wp-json\/wp\/v2\/users\/2"}],"replies":[{"embeddable":true,"href":"https:\/\/portal.fgeo.gob.mx\/index.php\/wp-json\/wp\/v2\/comments?post=16929"}],"wp:featuredmedia":[{"embeddable":true,"href":"https:\/\/portal.fgeo.gob.mx\/index.php\/wp-json\/"}],"wp:attachment":[{"href":"https:\/\/portal.fgeo.gob.mx\/index.php\/wp-json\/wp\/v2\/media?parent=16929"}],"wp:term":[{"taxonomy":"post_tag","embeddable":true,"href":"https:\/\/portal.fgeo.gob.mx\/index.php\/wp-json\/wp\/v2\/tags?post=16929"},{"taxonomy":"categoria_noticias","embeddable":true,"href":"https:\/\/portal.fgeo.gob.mx\/index.php\/wp-json\/wp\/v2\/categoria_noticias?post=16929"}],"curies":[{"name":"wp","href":"https:\/\/api.w.org\/{rel}","templated":true}]}}