{"id":16928,"date":"2025-08-05T10:06:15","date_gmt":"2025-08-05T16:06:15","guid":{"rendered":"https:\/\/fge.oaxaca.gob.mx\/?post_type=noticias&amp;p=9640"},"modified":"2025-08-05T10:06:15","modified_gmt":"2025-08-05T16:06:15","slug":"boletin-1642-fiscalia-de-oaxaca-localiza-en-baja-california-y-aprehende-a-imputado-por-homicidio-calificado-y-tentativa-de-homicidio-calificado-cometidos-durante-ataque-armado-en-sola-de-vega","status":"publish","type":"noticias","link":"https:\/\/portal.fgeo.gob.mx\/index.php\/archivos\/noticias\/boletin-1642-fiscalia-de-oaxaca-localiza-en-baja-california-y-aprehende-a-imputado-por-homicidio-calificado-y-tentativa-de-homicidio-calificado-cometidos-durante-ataque-armado-en-sola-de-vega","title":{"rendered":"BOLET\u00cdN 1,642.- Fiscal\u00eda de Oaxaca localiza en Baja California y aprehende a imputado por Homicidio Calificado y Tentativa de Homicidio Calificado cometidos durante ataque armado en Sola de Vega"},"content":{"rendered":"<p>&nbsp;<\/p>\n<p>* <em>La detenci\u00f3n se realiz\u00f3 gracias a la coordinaci\u00f3n con elementos de la Fiscal\u00eda General del Estado de Baja California<\/em><\/p>\n<p><strong>Oaxaca de Ju\u00e1rez, Oax. 05 de agosto de 2025.-<\/strong> Derivado de la colaboraci\u00f3n interinstitucional con la Fiscal\u00eda General del Estado de Baja California, la Fiscal\u00eda General del Estado de Oaxaca (FGEO) detuvo y obtuvo prisi\u00f3n preventiva en contra de una persona del sexo masculino identificado como M.Y.P., por los delitos de Homicidio Calificado y Tentativa de Homicidio Calificado con Ventaja en agravio de tres personas, cometido en la regi\u00f3n de la Sierra Sur.<\/p>\n<p>De acuerdo con lo asentado en el expediente penal, los hechos ocurrieron el 28 de julio de 2023, cuando las v\u00edctimas identificadas como F.Y.T., C.R.V., y su hijo O.U.Y.R. (menor de edad), se encontraban en inmediaciones de la localidad de Piedra del Tambor, en el municipio de Santiago Amoltepec, distrito de Sola de Vega, momento en el que fueron interceptados y agredidos con disparos de arma de fuego.<\/p>\n<p>En el lugar, F.Y.T.\u00a0 perdi\u00f3 la vida como consecuencia de las lesiones que sufri\u00f3 durante la agresi\u00f3n, mientras que, C.R.V. y su hijo O.U.Y.R., resultaron lesionados por lo que fueron trasladados a un hospital para su atenci\u00f3n m\u00e9dica.<\/p>\n<p>Ante estos hechos, la Fiscal\u00eda General del Estado de Oaxaca, a trav\u00e9s de la Vicefiscal\u00eda Regional de los Valles Centrales realiz\u00f3 las investigaciones correspondientes, logrando obtener una orden de aprehensi\u00f3n en contra de M.Y.P., por los delitos de Homicidio Calificado y Tentativa de Homicidio Calificado, el primero cometido en agravio de F.Y.T., y el segundo en agravio de C.R.V., y el menor de edad O.U.Y.R.<\/p>\n<p>Una vez realizadas las labores de localizaci\u00f3n, se pudo establecer el paradero de M.Y.P., por lo que se solicit\u00f3 la colaboraci\u00f3n de las autoridades del Estado de Baja California para la ejecuci\u00f3n de la orden de aprehensi\u00f3n en su contra.<\/p>\n<p>Luego de ser detenido se efectuaron los tr\u00e1mites legales pertinentes para su traslado a Oaxaca y con ello, ponerlo a disposici\u00f3n de la autoridad ministerial correspondiente.<\/p>\n<p>En audiencia inicial de Control de Detenci\u00f3n y comunicaci\u00f3n a la imputaci\u00f3n, el Juez de Control impuso Prisi\u00f3n Preventiva al imputado.<\/p>\n<p>La Fiscal\u00eda General garantiza investigaciones exhaustivas para esclarecer delitos, aplicando todo el rigor de la Ley a quien o quienes resulten responsables.<\/p>\n<p><img fetchpriority=\"high\" decoding=\"async\" class=\"alignnone size-medium wp-image-9641\" src=\"https:\/\/portal.fgeo.gob.mx\/wp-content\/uploads\/2025\/08\/WhatsApp-Image-2025-08-05-at-10.00.24-AM-221x300.jpeg\" alt=\"\" width=\"221\" height=\"300\" \/> <img decoding=\"async\" class=\"alignnone size-medium wp-image-9642\" src=\"https:\/\/portal.fgeo.gob.mx\/wp-content\/uploads\/2025\/08\/WhatsApp-Image-2025-08-05-at-9.58.25-AM-1-300x158.jpeg\" alt=\"\" width=\"300\" height=\"158\" \/><\/p>\n","protected":false},"author":2,"featured_media":9614,"comment_status":"closed","ping_status":"closed","template":"","tags":[],"categoria_noticias":[],"class_list":["post-16928","noticias","type-noticias","status-publish","has-post-thumbnail","hentry"],"acf":[],"mb":[],"mfb_rest_fields":["title","gutenberg_elementor_mode"],"_links":{"self":[{"href":"https:\/\/portal.fgeo.gob.mx\/index.php\/wp-json\/wp\/v2\/noticias\/16928","targetHints":{"allow":["GET"]}}],"collection":[{"href":"https:\/\/portal.fgeo.gob.mx\/index.php\/wp-json\/wp\/v2\/noticias"}],"about":[{"href":"https:\/\/portal.fgeo.gob.mx\/index.php\/wp-json\/wp\/v2\/types\/noticias"}],"author":[{"embeddable":true,"href":"https:\/\/portal.fgeo.gob.mx\/index.php\/wp-json\/wp\/v2\/users\/2"}],"replies":[{"embeddable":true,"href":"https:\/\/portal.fgeo.gob.mx\/index.php\/wp-json\/wp\/v2\/comments?post=16928"}],"wp:featuredmedia":[{"embeddable":true,"href":"https:\/\/portal.fgeo.gob.mx\/index.php\/wp-json\/"}],"wp:attachment":[{"href":"https:\/\/portal.fgeo.gob.mx\/index.php\/wp-json\/wp\/v2\/media?parent=16928"}],"wp:term":[{"taxonomy":"post_tag","embeddable":true,"href":"https:\/\/portal.fgeo.gob.mx\/index.php\/wp-json\/wp\/v2\/tags?post=16928"},{"taxonomy":"categoria_noticias","embeddable":true,"href":"https:\/\/portal.fgeo.gob.mx\/index.php\/wp-json\/wp\/v2\/categoria_noticias?post=16928"}],"curies":[{"name":"wp","href":"https:\/\/api.w.org\/{rel}","templated":true}]}}