{"id":16927,"date":"2025-08-04T09:10:14","date_gmt":"2025-08-04T15:10:14","guid":{"rendered":"https:\/\/fge.oaxaca.gob.mx\/?post_type=noticias&amp;p=9638"},"modified":"2025-08-04T09:10:14","modified_gmt":"2025-08-04T15:10:14","slug":"boletin-1641-fiscalia-de-oaxaca-obtiene-vinculacion-a-proceso-contra-cinco-imputados-por-despojo-y-logra-la-devolucion-del-inmueble-en-favor-de-las-victimas-hechos-ocurridos-en-el-valle-de-etla","status":"publish","type":"noticias","link":"https:\/\/portal.fgeo.gob.mx\/index.php\/archivos\/noticias\/boletin-1641-fiscalia-de-oaxaca-obtiene-vinculacion-a-proceso-contra-cinco-imputados-por-despojo-y-logra-la-devolucion-del-inmueble-en-favor-de-las-victimas-hechos-ocurridos-en-el-valle-de-etla","title":{"rendered":"BOLET\u00cdN 1,641.- Fiscal\u00eda de Oaxaca obtiene vinculaci\u00f3n a proceso contra cinco imputados por despojo y logra la devoluci\u00f3n del inmueble en favor de las v\u00edctimas, hechos ocurridos en el valle de Etla"},"content":{"rendered":"<p style=\"font-weight: 400\"><strong>Oaxaca de Ju\u00e1rez, Oax. 04 de agosto de 2025.-<\/strong>\u00a0Como parte de las acciones en atenci\u00f3n a delitos patrimoniales, la Fiscal\u00eda General del Estado de Oaxaca (FGEO) obtuvo auto de vinculaci\u00f3n a proceso en contra de cinco personas, tres hombres identificados como V.G.R., J.P.V., y U.D.A., y dos mujeres C.B.C.P. y M.D.A., imputados por el delito de despojo agravado cometido en agravio de cuatro personas en el municipio de San Francisco Telixtlahuaca perteneciente a los Valles Centrales.<\/p>\n<p style=\"font-weight: 400\">\n<p style=\"font-weight: 400\">De acuerdo con el expediente penal, los hechos ocurrieron el d\u00eda 03 de diciembre de 2024, cuando las y los imputados junto con otras personas ingresaron de manera ilegal a un domicilio ubicado en la calle Morelos de San Francisco Telixtlahuaca, en el Valle de Etla, donde amenazaron a las v\u00edctimas (due\u00f1as del inmueble), posteriormente las sacaron con violencia de la propiedad de la cual tomaron posesi\u00f3n de manera irregular.<\/p>\n<p style=\"font-weight: 400\">\n<p style=\"font-weight: 400\">Derivado de los hechos y, tras la denuncia interpuesta ante la FGEO, se iniciaron las investigaciones ministeriales correspondientes a trav\u00e9s de la Vicefiscal\u00eda General de Control Regional que reuni\u00f3 las pruebas suficientes gracias a las cuales se obtuvieron \u00f3rdenes de aprehensi\u00f3n, que fueron efectuadas por elementos de la Agencia Estatal de Investigaciones (AEI) quienes presentaron a los imputados ante la autoridad competente.<\/p>\n<p style=\"font-weight: 400\">\n<p style=\"font-weight: 400\">Tras el desahogo de pruebas aportadas por la FGEO y valoradas en audiencia, el Juez que atiende la causa dict\u00f3 auto de vinculaci\u00f3n a proceso en contra de V.G.R., J.P.V., U.D.A., C.B.C.P. y M.D.A., por el delito de despojo agravado, concediendo tres meses para el cierre de la investigaci\u00f3n complementaria, adem\u00e1s orden\u00f3 la restituci\u00f3n del inmueble en favor de las v\u00edctimas.<\/p>\n<p style=\"font-weight: 400\">\n<p style=\"font-weight: 400\">Para la Fiscal\u00eda de Oaxaca, la atenci\u00f3n a casos por delitos patrimoniales es prioritaria para que las v\u00edctimas tengan acceso pleno a la justicia y, como parte de ese proceso, se logre la reparaci\u00f3n del da\u00f1o a su favor.<\/p>\n<p style=\"font-weight: 400\">\n<p style=\"font-weight: 400\"><img fetchpriority=\"high\" decoding=\"async\" class=\"alignnone size-medium wp-image-9639\" src=\"https:\/\/portal.fgeo.gob.mx\/wp-content\/uploads\/2025\/08\/WhatsApp-Image-2025-08-01-at-5.10.02-PM-300x225.jpeg\" alt=\"\" width=\"300\" height=\"225\" \/><\/p>\n","protected":false},"author":2,"featured_media":9614,"comment_status":"closed","ping_status":"closed","template":"","tags":[],"categoria_noticias":[],"class_list":["post-16927","noticias","type-noticias","status-publish","has-post-thumbnail","hentry"],"acf":[],"mb":[],"mfb_rest_fields":["title","gutenberg_elementor_mode"],"_links":{"self":[{"href":"https:\/\/portal.fgeo.gob.mx\/index.php\/wp-json\/wp\/v2\/noticias\/16927","targetHints":{"allow":["GET"]}}],"collection":[{"href":"https:\/\/portal.fgeo.gob.mx\/index.php\/wp-json\/wp\/v2\/noticias"}],"about":[{"href":"https:\/\/portal.fgeo.gob.mx\/index.php\/wp-json\/wp\/v2\/types\/noticias"}],"author":[{"embeddable":true,"href":"https:\/\/portal.fgeo.gob.mx\/index.php\/wp-json\/wp\/v2\/users\/2"}],"replies":[{"embeddable":true,"href":"https:\/\/portal.fgeo.gob.mx\/index.php\/wp-json\/wp\/v2\/comments?post=16927"}],"wp:featuredmedia":[{"embeddable":true,"href":"https:\/\/portal.fgeo.gob.mx\/index.php\/wp-json\/"}],"wp:attachment":[{"href":"https:\/\/portal.fgeo.gob.mx\/index.php\/wp-json\/wp\/v2\/media?parent=16927"}],"wp:term":[{"taxonomy":"post_tag","embeddable":true,"href":"https:\/\/portal.fgeo.gob.mx\/index.php\/wp-json\/wp\/v2\/tags?post=16927"},{"taxonomy":"categoria_noticias","embeddable":true,"href":"https:\/\/portal.fgeo.gob.mx\/index.php\/wp-json\/wp\/v2\/categoria_noticias?post=16927"}],"curies":[{"name":"wp","href":"https:\/\/api.w.org\/{rel}","templated":true}]}}