{"id":16926,"date":"2025-08-01T14:02:43","date_gmt":"2025-08-01T20:02:43","guid":{"rendered":"https:\/\/fge.oaxaca.gob.mx\/?post_type=noticias&amp;p=9635"},"modified":"2025-08-01T14:02:43","modified_gmt":"2025-08-01T20:02:43","slug":"boletin-1640-fiscalia-de-oaxaca-obtiene-sentencia-de-17-anos-de-prision-contra-responsable-de-violacion-cometida-en-san-agustin-loxicha","status":"publish","type":"noticias","link":"https:\/\/portal.fgeo.gob.mx\/index.php\/archivos\/noticias\/boletin-1640-fiscalia-de-oaxaca-obtiene-sentencia-de-17-anos-de-prision-contra-responsable-de-violacion-cometida-en-san-agustin-loxicha","title":{"rendered":"BOLET\u00cdN 1,640.- Fiscal\u00eda de Oaxaca obtiene sentencia de 17 a\u00f1os de prisi\u00f3n contra responsable de violaci\u00f3n, cometida en San Agust\u00edn Loxicha"},"content":{"rendered":"<p><strong>Oaxaca de Ju\u00e1rez, Oax. 01 de agosto de 2025.-<\/strong> Como parte de la estrategia de combate a los delitos cometidos en contra de ni\u00f1as, ni\u00f1os, adolescentes y mujeres, la Fiscal\u00eda General del Estado de Oaxaca (FGEO) obtuvo una sentencia de 17 a\u00f1os de prisi\u00f3n en contra de una persona del sexo masculino identificada como Gregorio M.J. o Ligorio P.J., por su responsabilidad en la comisi\u00f3n del delito de violaci\u00f3n, ocurrido en la regi\u00f3n de la Costa.<\/p>\n<p>&nbsp;<\/p>\n<p>El expediente penal del caso detalla que los hechos ocurrieron el 01 de septiembre de 2023, en un paraje de la agencia municipal &#8220;La Conchuda&#8221; perteneciente al municipio de San Agust\u00edn Loxicha, lugar donde la v\u00edctima -una mujer cuya identidad est\u00e1 reservada por ley- fue interceptada por el imputado cuando caminaba con direcci\u00f3n a su domicilio.<\/p>\n<p>&nbsp;<\/p>\n<p>La investigaci\u00f3n a\u00f1ade que el imputado la jal\u00f3 con violencia hacia un camino solitario para despu\u00e9s agredirla sexualmente y amenazarla para que no lo denunciara.<\/p>\n<p>&nbsp;<\/p>\n<p>Luego que la Fiscal\u00eda de Oaxaca recibi\u00f3 la denuncia, se iniciaron las investigaciones ministeriales con perspectiva de g\u00e9nero a trav\u00e9s de la Vicefiscal\u00eda Regional de la Costa, que logr\u00f3 la detenci\u00f3n del hoy sentenciado, a quien llev\u00f3 ante las autoridades ministeriales correspondientes.<\/p>\n<p>&nbsp;<\/p>\n<p>Gracias a los resultados aportados por la FGEO derivado del trabajo multidisciplinario, el Tribunal de Enjuiciamiento tuvo los elementos suficientes para dictar sentencia condenatoria de 17 a\u00f1os de prisi\u00f3n en contra de Gregorio M.J. o Ligorio P.J., por su responsabilidad en el delito de violaci\u00f3n, adem\u00e1s de imponerle el pago de una multa econ\u00f3mica establecida en la ley.<\/p>\n<p>&nbsp;<\/p>\n<p>La Fiscal\u00eda General del Estado de Oaxaca tiene entre sus ejes rectores garantizar una vida libre de violencia para ni\u00f1as, ni\u00f1os y adolescentes, a trav\u00e9s de los mecanismos de procuraci\u00f3n de justicia que est\u00e1n a cargo de \u00e1reas especializadas y bien capacitadas para este tipo de labores.<\/p>\n<figure id=\"attachment_9636\" aria-describedby=\"caption-attachment-9636\" style=\"width: 300px\" class=\"wp-caption alignnone\"><img fetchpriority=\"high\" decoding=\"async\" class=\"size-medium wp-image-9636\" src=\"https:\/\/portal.fgeo.gob.mx\/wp-content\/uploads\/2025\/08\/Dise%C3%B1o-sin-t%C3%ADtulo-3-300x187.jpg\" alt=\"\" width=\"300\" height=\"187\" \/><figcaption id=\"caption-attachment-9636\" class=\"wp-caption-text\">Dise\u00f1o sin t\u00edtulo &#8211; 1<\/figcaption><\/figure>\n","protected":false},"author":2,"featured_media":9614,"comment_status":"closed","ping_status":"closed","template":"","tags":[],"categoria_noticias":[],"class_list":["post-16926","noticias","type-noticias","status-publish","has-post-thumbnail","hentry"],"acf":[],"mb":[],"mfb_rest_fields":["title","gutenberg_elementor_mode"],"_links":{"self":[{"href":"https:\/\/portal.fgeo.gob.mx\/index.php\/wp-json\/wp\/v2\/noticias\/16926","targetHints":{"allow":["GET"]}}],"collection":[{"href":"https:\/\/portal.fgeo.gob.mx\/index.php\/wp-json\/wp\/v2\/noticias"}],"about":[{"href":"https:\/\/portal.fgeo.gob.mx\/index.php\/wp-json\/wp\/v2\/types\/noticias"}],"author":[{"embeddable":true,"href":"https:\/\/portal.fgeo.gob.mx\/index.php\/wp-json\/wp\/v2\/users\/2"}],"replies":[{"embeddable":true,"href":"https:\/\/portal.fgeo.gob.mx\/index.php\/wp-json\/wp\/v2\/comments?post=16926"}],"wp:featuredmedia":[{"embeddable":true,"href":"https:\/\/portal.fgeo.gob.mx\/index.php\/wp-json\/"}],"wp:attachment":[{"href":"https:\/\/portal.fgeo.gob.mx\/index.php\/wp-json\/wp\/v2\/media?parent=16926"}],"wp:term":[{"taxonomy":"post_tag","embeddable":true,"href":"https:\/\/portal.fgeo.gob.mx\/index.php\/wp-json\/wp\/v2\/tags?post=16926"},{"taxonomy":"categoria_noticias","embeddable":true,"href":"https:\/\/portal.fgeo.gob.mx\/index.php\/wp-json\/wp\/v2\/categoria_noticias?post=16926"}],"curies":[{"name":"wp","href":"https:\/\/api.w.org\/{rel}","templated":true}]}}