{"id":16925,"date":"2025-08-01T12:00:33","date_gmt":"2025-08-01T18:00:33","guid":{"rendered":"https:\/\/fge.oaxaca.gob.mx\/?post_type=noticias&amp;p=9631"},"modified":"2025-08-01T12:00:33","modified_gmt":"2025-08-01T18:00:33","slug":"boletin-1639-obtiene-fiscalia-de-oaxaca-prision-y-vinculacion-a-proceso-contra-tres-personas-por-narcomenudeo-que-operaban-en-juchitan-de-zaragoza","status":"publish","type":"noticias","link":"https:\/\/portal.fgeo.gob.mx\/index.php\/archivos\/noticias\/boletin-1639-obtiene-fiscalia-de-oaxaca-prision-y-vinculacion-a-proceso-contra-tres-personas-por-narcomenudeo-que-operaban-en-juchitan-de-zaragoza","title":{"rendered":"BOLET\u00cdN 1,639.- Obtiene Fiscal\u00eda de Oaxaca prisi\u00f3n y vinculaci\u00f3n a proceso contra tres personas por narcomenudeo que operaban en Juchit\u00e1n de Zaragoza"},"content":{"rendered":"<p><strong>Oaxaca de Ju\u00e1rez, Oax. 01 de agosto de 2025.-<\/strong> Como resultado del trabajo de investigaci\u00f3n ministerial en delitos de alto impacto, la Fiscal\u00eda General del Estado de Oaxaca (FGEO) obtuvo auto de vinculaci\u00f3n a proceso y prisi\u00f3n preventiva contra tres personas -dos hombres identificados como J.E.R.S. y E.S.R., y una mujer de iniciales D.V.C.- imputados por el delito contra la salud en su hip\u00f3tesis de narcomenudeo en modalidad de suministro de metanfetamina y coca\u00edna que operan en el municipio de Juchit\u00e1n de Zaragoza en la regi\u00f3n del Istmo de Tehuantepec.<\/p>\n<p>&nbsp;<\/p>\n<p>Conforme a lo asentado en el expediente penal del caso, los tres imputados fueron detenidos en la colonia 19 de Marzo de la Octava Secci\u00f3n de Juchit\u00e1n, por elementos de la Agencia Estatal de Investigaciones (AEI).<\/p>\n<p>&nbsp;<\/p>\n<p>El expediente penal detalla que los agentes de investigaci\u00f3n se percataron que estas personas intercambiaban un objeto con alguien m\u00e1s, por lo que fueron interceptados cuando intentaban huir y al ser inspeccionados hallaron diversas bolsas que conten\u00edan metanfetamina, una b\u00e1scula gramera, un tel\u00e9fono celular y dinero en efectivo, por lo que fueron detenidos y trasladados ante las autoridades ministeriales de la Vicefiscal\u00eda Regional de Valles Centrales que los llev\u00f3 ante el juez de la causa para resolver su situaci\u00f3n jur\u00eddica.<\/p>\n<p>&nbsp;<\/p>\n<p>Tras evaluar los datos de prueba de la FGEO, el Juez calific\u00f3 como legal la detenci\u00f3n de las tres personas y resolvi\u00f3 vincularlos a proceso por delitos contra la salud en su hip\u00f3tesis de narcomenudeo en modalidad de suministro de metanfetamina y coca\u00edna, e impuso la medida cautelar de prisi\u00f3n preventiva justificada.<\/p>\n<p>&nbsp;<\/p>\n<p>La Fiscal\u00eda de Oaxaca prioriza la investigaci\u00f3n de los delitos que atenten contra la sociedad como lo son los delitos contra la salud, los cuales, pues est\u00e1n directamente relacionados con otras conductas delictivas.<\/p>\n<p><img decoding=\"async\" class=\"size-medium wp-image-9632\" src=\"https:\/\/portal.fgeo.gob.mx\/wp-content\/uploads\/2025\/08\/Dise%C3%B1o-sin-t%C3%ADtulo-300x131.jpg\" alt=\"\" width=\"300\" height=\"131\" \/><\/p>\n<p><img decoding=\"async\" class=\"size-medium wp-image-9633\" src=\"https:\/\/portal.fgeo.gob.mx\/wp-content\/uploads\/2025\/08\/Dise%C3%B1o-sin-t%C3%ADtulo-1-300x150.jpg\" alt=\"\" width=\"300\" height=\"150\" \/><\/p>\n<p><img decoding=\"async\" class=\"size-medium wp-image-9634\" src=\"https:\/\/portal.fgeo.gob.mx\/wp-content\/uploads\/2025\/08\/Dise%C3%B1o-sin-t%C3%ADtulo-2-300x150.jpg\" alt=\"\" width=\"300\" height=\"150\" \/><\/p>\n","protected":false},"author":2,"featured_media":9614,"comment_status":"closed","ping_status":"closed","template":"","tags":[],"categoria_noticias":[],"class_list":["post-16925","noticias","type-noticias","status-publish","has-post-thumbnail","hentry"],"acf":[],"mb":[],"mfb_rest_fields":["title","gutenberg_elementor_mode"],"_links":{"self":[{"href":"https:\/\/portal.fgeo.gob.mx\/index.php\/wp-json\/wp\/v2\/noticias\/16925","targetHints":{"allow":["GET"]}}],"collection":[{"href":"https:\/\/portal.fgeo.gob.mx\/index.php\/wp-json\/wp\/v2\/noticias"}],"about":[{"href":"https:\/\/portal.fgeo.gob.mx\/index.php\/wp-json\/wp\/v2\/types\/noticias"}],"author":[{"embeddable":true,"href":"https:\/\/portal.fgeo.gob.mx\/index.php\/wp-json\/wp\/v2\/users\/2"}],"replies":[{"embeddable":true,"href":"https:\/\/portal.fgeo.gob.mx\/index.php\/wp-json\/wp\/v2\/comments?post=16925"}],"wp:featuredmedia":[{"embeddable":true,"href":"https:\/\/portal.fgeo.gob.mx\/index.php\/wp-json\/"}],"wp:attachment":[{"href":"https:\/\/portal.fgeo.gob.mx\/index.php\/wp-json\/wp\/v2\/media?parent=16925"}],"wp:term":[{"taxonomy":"post_tag","embeddable":true,"href":"https:\/\/portal.fgeo.gob.mx\/index.php\/wp-json\/wp\/v2\/tags?post=16925"},{"taxonomy":"categoria_noticias","embeddable":true,"href":"https:\/\/portal.fgeo.gob.mx\/index.php\/wp-json\/wp\/v2\/categoria_noticias?post=16925"}],"curies":[{"name":"wp","href":"https:\/\/api.w.org\/{rel}","templated":true}]}}