{"id":16921,"date":"2025-07-30T13:31:46","date_gmt":"2025-07-30T19:31:46","guid":{"rendered":"https:\/\/fge.oaxaca.gob.mx\/?post_type=noticias&amp;p=9615"},"modified":"2025-07-30T13:31:46","modified_gmt":"2025-07-30T19:31:46","slug":"boletin-1635-como-parte-de-estrategia-contra-la-violencia-familiar-fiscalia-de-oaxaca-aprehende-a-siete-personas-en-diferentes-regiones-del-estado","status":"publish","type":"noticias","link":"https:\/\/portal.fgeo.gob.mx\/index.php\/archivos\/noticias\/boletin-1635-como-parte-de-estrategia-contra-la-violencia-familiar-fiscalia-de-oaxaca-aprehende-a-siete-personas-en-diferentes-regiones-del-estado","title":{"rendered":"BOLET\u00cdN 1,635.- Como parte de estrategia contra la Violencia Familiar, Fiscal\u00eda de Oaxaca aprehende a siete personas en diferentes regiones del Estado"},"content":{"rendered":"<p><strong>Oaxaca de Ju\u00e1rez, Oax. 30 de julio de 2025.-<\/strong> En acciones coordinadas en combate a delitos contra la mujer, la Fiscal\u00eda General del Estado de Oaxaca (FGEO) dio cumplimiento a diversas \u00f3rdenes de aprehensi\u00f3n que permitieron la detenci\u00f3n de siete personas del sexo masculino por el delito de violencia familiar, ocurridas en diferentes regiones del estado.<\/p>\n<p>&nbsp;<\/p>\n<p>De acuerdo con el informe ministerial de la FGEO, dos de las aprehensiones se llevaron a cabo tras las investigaciones de la Fiscal\u00eda Especializada para la Atenci\u00f3n a Delitos contra la Mujer por Raz\u00f3n, las cuales se efectuaron en jurisdicci\u00f3n de la ciudad de Oaxaca de Ju\u00e1rez.<\/p>\n<p>&nbsp;<\/p>\n<p>La primera en inmediaciones de la cuarta etapa del FOVISSSTE de la ciudad de Oaxaca de Ju\u00e1rez, en contra de un hombre identificado como J.F.M.L., aprehendido por elementos de la Agencia Estatal de Investigaciones (AEI) derivado de hechos ocurridos en el a\u00f1o 2022, cuando una mujer identificada como M.A.S.C., fue v\u00edctima de violencia f\u00edsica.<\/p>\n<p>&nbsp;<\/p>\n<p>La segunda aprehensi\u00f3n, ocurri\u00f3 sobre la carretera 190 en inmediaciones de la agencia de Santa Rosa Panzacola perteneciente a la ciudad de Oaxaca, en la que fue detenido E.R.M.N., tras hechos ocurridos en 2025 por el delito de violencia familiar.<\/p>\n<p>&nbsp;<\/p>\n<p>Los otros mandatos judiciales, fueron efectuados por agentes ministeriales adscritos a la Vicefiscal\u00eda Regional de la Costa, en una de ellos, lograron la detenci\u00f3n de A.D.S.R., derivado de hechos ocurridos el 07 de mayo de 2022, cuando agredi\u00f3 f\u00edsica y verbalmente a una mujer identificada como A.S.V., en la comunidad de Chepilme perteneciente a San Pedro Pochutla.<\/p>\n<p>&nbsp;<\/p>\n<p>Mientras que otra detenci\u00f3n se efectu\u00f3 en contra de J.A.M.O., en inmediaciones de la colonia Avi\u00f3n de Santiago Pinotepa Nacional; su aprehensi\u00f3n deriva luego de las investigaciones realizadas por la Vicefiscal\u00eda Regional de la Costa por hechos registrados el 13 de mayo de 2019 cuando la v\u00edctima I.J.P., fue agredida de manera f\u00edsica y verbal en su domicilio.<\/p>\n<p>&nbsp;<\/p>\n<p>La Fiscal\u00eda de Oaxaca, a trav\u00e9s de los elementos de la AEI aprehendieron a J.M.S., pues de acuerdo con la denuncia asentada en las investigaciones de la Vicefiscal\u00eda Regional de la Costa, la v\u00edctima identificada como J.P.G., sufr\u00eda violencia f\u00edsica y verbal en su domicilio, donde habr\u00eda sufrido agresiones en varias ocasiones junto con sus hijos.<\/p>\n<p>&nbsp;<\/p>\n<p>En otro hecho, la FGEO a trav\u00e9s de Agentes Estatales de Investigaci\u00f3n de la Vicefiscal\u00eda Regional del Istmo logr\u00f3 la aprehensi\u00f3n de S.D.C., por el delito de violencia familiar ocurrida en agosto de 2021 en agravio de F.A.S.J.<\/p>\n<p>&nbsp;<\/p>\n<p>Dentro de estas detenciones destaca tambi\u00e9n la de un hombre identificado como P.F.S.C., que de acuerdo a las investigaciones de la Vicefiscal\u00eda Regional de Valles Centrales fue detenido por el delito de violencia familiar ocurrida en el a\u00f1o 2024 en agravio de C.R.A.<\/p>\n<p>&nbsp;<\/p>\n<p>La Fiscal\u00eda de Oaxaca prioriza las investigaciones relacionadas con delitos cometidos contra mujeres, para presentar ante la justicia a los responsables a fin de garantizar el derecho a una vida libre de violencia.<\/p>\n<p><img fetchpriority=\"high\" decoding=\"async\" class=\"alignnone size-medium wp-image-9616\" src=\"https:\/\/portal.fgeo.gob.mx\/wp-content\/uploads\/2025\/07\/WhatsApp-Image-2025-07-30-at-1.28.58-PM-232x300.jpeg\" alt=\"\" width=\"232\" height=\"300\" \/> <img decoding=\"async\" class=\"alignnone size-medium wp-image-9617\" src=\"https:\/\/portal.fgeo.gob.mx\/wp-content\/uploads\/2025\/07\/WhatsApp-Image-2025-07-30-at-1.28.57-PM-232x300.jpeg\" alt=\"\" width=\"232\" height=\"300\" \/><\/p>\n<p>&nbsp;<\/p>\n","protected":false},"author":2,"featured_media":9614,"comment_status":"closed","ping_status":"closed","template":"","tags":[],"categoria_noticias":[],"class_list":["post-16921","noticias","type-noticias","status-publish","has-post-thumbnail","hentry"],"acf":[],"mb":[],"mfb_rest_fields":["title","gutenberg_elementor_mode"],"_links":{"self":[{"href":"https:\/\/portal.fgeo.gob.mx\/index.php\/wp-json\/wp\/v2\/noticias\/16921","targetHints":{"allow":["GET"]}}],"collection":[{"href":"https:\/\/portal.fgeo.gob.mx\/index.php\/wp-json\/wp\/v2\/noticias"}],"about":[{"href":"https:\/\/portal.fgeo.gob.mx\/index.php\/wp-json\/wp\/v2\/types\/noticias"}],"author":[{"embeddable":true,"href":"https:\/\/portal.fgeo.gob.mx\/index.php\/wp-json\/wp\/v2\/users\/2"}],"replies":[{"embeddable":true,"href":"https:\/\/portal.fgeo.gob.mx\/index.php\/wp-json\/wp\/v2\/comments?post=16921"}],"wp:featuredmedia":[{"embeddable":true,"href":"https:\/\/portal.fgeo.gob.mx\/index.php\/wp-json\/"}],"wp:attachment":[{"href":"https:\/\/portal.fgeo.gob.mx\/index.php\/wp-json\/wp\/v2\/media?parent=16921"}],"wp:term":[{"taxonomy":"post_tag","embeddable":true,"href":"https:\/\/portal.fgeo.gob.mx\/index.php\/wp-json\/wp\/v2\/tags?post=16921"},{"taxonomy":"categoria_noticias","embeddable":true,"href":"https:\/\/portal.fgeo.gob.mx\/index.php\/wp-json\/wp\/v2\/categoria_noticias?post=16921"}],"curies":[{"name":"wp","href":"https:\/\/api.w.org\/{rel}","templated":true}]}}