{"id":16918,"date":"2025-07-29T16:00:32","date_gmt":"2025-07-29T22:00:32","guid":{"rendered":"https:\/\/fge.oaxaca.gob.mx\/?post_type=noticias&amp;p=9605"},"modified":"2025-07-29T16:00:32","modified_gmt":"2025-07-29T22:00:32","slug":"boletin-1632-fiscalia-de-oaxaca-brinda-atencion-integral-durante-las-festividades-de-la-guelaguetza-2025-localizan-a-dos-personas-extraviadas","status":"publish","type":"noticias","link":"https:\/\/portal.fgeo.gob.mx\/index.php\/archivos\/noticias\/boletin-1632-fiscalia-de-oaxaca-brinda-atencion-integral-durante-las-festividades-de-la-guelaguetza-2025-localizan-a-dos-personas-extraviadas","title":{"rendered":"BOLET\u00cdN 1,632.- Fiscal\u00eda de Oaxaca brinda atenci\u00f3n integral durante las festividades de la Guelaguetza 2025; localizan a dos personas extraviadas"},"content":{"rendered":"<p><strong>Oaxaca de Ju\u00e1rez, Oax. 29 de julio de 2025.- <\/strong>En el marco de las Festividades de la Guelaguetza 2025, la Fiscal\u00eda General del Estado de Oaxaca (FGEO) implement\u00f3 un operativo de atenci\u00f3n integral con el objetivo de inhibir, combatir y evitar la comisi\u00f3n de delitos durante estas festividades.<\/p>\n<p>&nbsp;<\/p>\n<p>Este operativo es una acci\u00f3n conjunta en la que participaron diversas \u00e1reas de la Fiscal\u00eda de Oaxaca entre ellas, la Vicefiscal\u00eda General de Atenci\u00f3n a V\u00edctimas y a la Sociedad a trav\u00e9s de la Unidad de B\u00fasqueda de Personas No Localizadas, el Centro de Justicia para Mujeres, la Vicefiscal\u00eda de Valles Centrales, la Fiscal\u00eda Especializada para la Atenci\u00f3n a Delitos de Alto Impacto, as\u00ed como la Direcci\u00f3n de Derechos Humanos y la Agencia Estatal de Investigaciones (AEI), junto con elementos de la Guardia Nacional (GN), Polic\u00eda Municipal de Oaxaca de Ju\u00e1rez y Polic\u00eda Estatal.<\/p>\n<p>&nbsp;<\/p>\n<p>Durante este despliegue policial se estableci\u00f3 un m\u00f3dulo de atenci\u00f3n ciudadana que fue un punto de referencia en los espacios m\u00e1s concurridos.<\/p>\n<p>&nbsp;<\/p>\n<p>Asimismo, se atendi\u00f3 el extrav\u00edo de una adolescente de 13 a\u00f1os de edad, que fue localizada y entregada a sus familiares, adem\u00e1s de que se brind\u00f3 auxilio a una persona adulta mayor para localizar a su esposa, y derivado de la atenci\u00f3n inmediata por parte de la Unidad de B\u00fasqueda de Personas No Localizadas, la persona fue localizada.<\/p>\n<p>&nbsp;<\/p>\n<p>En tanto que, se brind\u00f3 atenci\u00f3n al caso de dos personas, las cuales fueron canalizadas a las oficinas de la Fiscal\u00eda General del Estado de Oaxaca para el seguimiento de sus casos en temas de g\u00e9nero.<\/p>\n<p>&nbsp;<\/p>\n<p>Este tipo de acciones en las que participa la Fiscal\u00eda de Oaxaca, en colaboraci\u00f3n interinstitucional, hacen posible aumentar la capacidad de atenci\u00f3n y respuesta para inhibir el fen\u00f3meno delictivo en la capital.<\/p>\n<p><img fetchpriority=\"high\" decoding=\"async\" class=\"alignnone size-medium wp-image-9606\" src=\"https:\/\/portal.fgeo.gob.mx\/wp-content\/uploads\/2025\/07\/WhatsApp-Image-2025-07-29-at-12.49.24-PM-300x174.jpeg\" alt=\"\" width=\"300\" height=\"174\" \/> <img decoding=\"async\" class=\"alignnone size-medium wp-image-9607\" src=\"https:\/\/portal.fgeo.gob.mx\/wp-content\/uploads\/2025\/07\/WhatsApp-Image-2025-07-29-at-12.46.14-PM-225x300.jpeg\" alt=\"\" width=\"225\" height=\"300\" \/> <img decoding=\"async\" class=\"alignnone size-medium wp-image-9608\" src=\"https:\/\/portal.fgeo.gob.mx\/wp-content\/uploads\/2025\/07\/WhatsApp-Image-2025-07-29-at-12.46.13-PM-300x225.jpeg\" alt=\"\" width=\"300\" height=\"225\" \/> <img loading=\"lazy\" decoding=\"async\" class=\"alignnone size-medium wp-image-9609\" src=\"https:\/\/portal.fgeo.gob.mx\/wp-content\/uploads\/2025\/07\/WhatsApp-Image-2025-07-29-at-12.46.12-PM-225x300.jpeg\" alt=\"\" width=\"225\" height=\"300\" \/> <img loading=\"lazy\" decoding=\"async\" class=\"alignnone size-medium wp-image-9610\" src=\"https:\/\/portal.fgeo.gob.mx\/wp-content\/uploads\/2025\/07\/WhatsApp-Image-2025-07-29-at-12.46.10-PM-225x300.jpeg\" alt=\"\" width=\"225\" height=\"300\" \/><\/p>\n","protected":false},"author":2,"featured_media":9547,"comment_status":"closed","ping_status":"closed","template":"","tags":[],"categoria_noticias":[],"class_list":["post-16918","noticias","type-noticias","status-publish","has-post-thumbnail","hentry"],"acf":[],"mb":[],"mfb_rest_fields":["title","gutenberg_elementor_mode"],"_links":{"self":[{"href":"https:\/\/portal.fgeo.gob.mx\/index.php\/wp-json\/wp\/v2\/noticias\/16918","targetHints":{"allow":["GET"]}}],"collection":[{"href":"https:\/\/portal.fgeo.gob.mx\/index.php\/wp-json\/wp\/v2\/noticias"}],"about":[{"href":"https:\/\/portal.fgeo.gob.mx\/index.php\/wp-json\/wp\/v2\/types\/noticias"}],"author":[{"embeddable":true,"href":"https:\/\/portal.fgeo.gob.mx\/index.php\/wp-json\/wp\/v2\/users\/2"}],"replies":[{"embeddable":true,"href":"https:\/\/portal.fgeo.gob.mx\/index.php\/wp-json\/wp\/v2\/comments?post=16918"}],"wp:featuredmedia":[{"embeddable":true,"href":"https:\/\/portal.fgeo.gob.mx\/index.php\/wp-json\/"}],"wp:attachment":[{"href":"https:\/\/portal.fgeo.gob.mx\/index.php\/wp-json\/wp\/v2\/media?parent=16918"}],"wp:term":[{"taxonomy":"post_tag","embeddable":true,"href":"https:\/\/portal.fgeo.gob.mx\/index.php\/wp-json\/wp\/v2\/tags?post=16918"},{"taxonomy":"categoria_noticias","embeddable":true,"href":"https:\/\/portal.fgeo.gob.mx\/index.php\/wp-json\/wp\/v2\/categoria_noticias?post=16918"}],"curies":[{"name":"wp","href":"https:\/\/api.w.org\/{rel}","templated":true}]}}