{"id":16914,"date":"2025-07-28T18:00:54","date_gmt":"2025-07-29T00:00:54","guid":{"rendered":"https:\/\/fge.oaxaca.gob.mx\/?post_type=noticias&amp;p=9597"},"modified":"2025-07-28T18:00:54","modified_gmt":"2025-07-29T00:00:54","slug":"boletin-1628-fgeo-logra-vinculacion-a-proceso-por-el-delito-de-tentativa-de-homicidio-ocurrido-en-la-costa","status":"publish","type":"noticias","link":"https:\/\/portal.fgeo.gob.mx\/index.php\/archivos\/noticias\/boletin-1628-fgeo-logra-vinculacion-a-proceso-por-el-delito-de-tentativa-de-homicidio-ocurrido-en-la-costa","title":{"rendered":"BOLET\u00cdN 1,629.- FGEO logra vinculaci\u00f3n a proceso por el delito de tentativa de homicidio ocurrido en la Costa"},"content":{"rendered":"<p><strong>Oaxaca de Ju\u00e1rez, Oax. 28 de julio de 2025.- <\/strong>La Fiscal\u00eda General del Estado de Oaxaca (FGEO) obtuvo auto de vinculaci\u00f3n a proceso en contra de una persona del sexo masculino identificado como E.A.B, imputado por el delito de tentativa de homicidio con ventaja, por hechos ocurridos en la regi\u00f3n de la Costa.<\/p>\n<p>&nbsp;<\/p>\n<p>De acuerdo con la carpeta de investigaci\u00f3n, los hechos ocurrieron el 15 de julio de 2025, cuando la v\u00edctima se encontraba parado sobre la calle Benito Ju\u00e1rez de la colonia Centro de la agencia municipal de San Crist\u00f3bal, perteneciente al municipio de San Agust\u00edn Chayuco, lugar donde lleg\u00f3 el imputado y con un arma corto-contundente (machete) lo atac\u00f3, infligiendo lesiones graves que pusieron en peligro su vida.<\/p>\n<p>&nbsp;<\/p>\n<p>Al tener conocimiento de estos hechos, la Fiscal\u00eda de Oaxaca -a trav\u00e9s de la Vicefiscal\u00eda Regional de la Costa- despleg\u00f3 un equipo multidisciplinario para efectuar los trabajos de investigaciones correspondientes que permitieron aprehender al hoy imputado para posteriormente, presentarlo ante la autoridad competente que lo requiri\u00f3 para su debido proceso legal.<\/p>\n<p>&nbsp;<\/p>\n<p>Luego de que la FGEO, aport\u00f3 las pruebas ministeriales necesarias, el Juez que atiende la causa dict\u00f3 auto de vinculaci\u00f3n a proceso en contra de E.A.B., e impuso la medida cautelar respectiva concediendo el plazo de dos meses para el cierre de la investigaci\u00f3n complementaria.<\/p>\n<p>&nbsp;<\/p>\n<p>La Fiscal\u00eda General del Estado investiga en forma prioritaria los delitos de alto impacto con el objetivo de brindar a las v\u00edctimas directas e indirectas adecuados procesos de procuraci\u00f3n de justicia para las v\u00edctimas directas e indirectas.<\/p>\n<figure id=\"attachment_9598\" aria-describedby=\"caption-attachment-9598\" style=\"width: 300px\" class=\"wp-caption alignnone\"><img decoding=\"async\" class=\"size-medium wp-image-9598\" src=\"https:\/\/portal.fgeo.gob.mx\/wp-content\/uploads\/2025\/07\/Dise%C3%B1o-sin-t%C3%ADtulo-24-300x122.jpg\" alt=\"\" width=\"300\" height=\"122\" \/><figcaption id=\"caption-attachment-9598\" class=\"wp-caption-text\">Dise\u00f1o sin t\u00edtulo &#8211; 1<\/figcaption><\/figure>\n","protected":false},"author":2,"featured_media":9547,"comment_status":"closed","ping_status":"closed","template":"","tags":[],"categoria_noticias":[],"class_list":["post-16914","noticias","type-noticias","status-publish","has-post-thumbnail","hentry"],"acf":[],"mb":[],"mfb_rest_fields":["title","gutenberg_elementor_mode"],"_links":{"self":[{"href":"https:\/\/portal.fgeo.gob.mx\/index.php\/wp-json\/wp\/v2\/noticias\/16914","targetHints":{"allow":["GET"]}}],"collection":[{"href":"https:\/\/portal.fgeo.gob.mx\/index.php\/wp-json\/wp\/v2\/noticias"}],"about":[{"href":"https:\/\/portal.fgeo.gob.mx\/index.php\/wp-json\/wp\/v2\/types\/noticias"}],"author":[{"embeddable":true,"href":"https:\/\/portal.fgeo.gob.mx\/index.php\/wp-json\/wp\/v2\/users\/2"}],"replies":[{"embeddable":true,"href":"https:\/\/portal.fgeo.gob.mx\/index.php\/wp-json\/wp\/v2\/comments?post=16914"}],"wp:featuredmedia":[{"embeddable":true,"href":"https:\/\/portal.fgeo.gob.mx\/index.php\/wp-json\/"}],"wp:attachment":[{"href":"https:\/\/portal.fgeo.gob.mx\/index.php\/wp-json\/wp\/v2\/media?parent=16914"}],"wp:term":[{"taxonomy":"post_tag","embeddable":true,"href":"https:\/\/portal.fgeo.gob.mx\/index.php\/wp-json\/wp\/v2\/tags?post=16914"},{"taxonomy":"categoria_noticias","embeddable":true,"href":"https:\/\/portal.fgeo.gob.mx\/index.php\/wp-json\/wp\/v2\/categoria_noticias?post=16914"}],"curies":[{"name":"wp","href":"https:\/\/api.w.org\/{rel}","templated":true}]}}