{"id":16913,"date":"2025-07-28T16:00:53","date_gmt":"2025-07-28T22:00:53","guid":{"rendered":"https:\/\/fge.oaxaca.gob.mx\/?post_type=noticias&amp;p=9595"},"modified":"2025-07-28T16:00:53","modified_gmt":"2025-07-28T22:00:53","slug":"boletin-1627-fiscalia-de-oaxaca-y-defensa-realizan-cateo-en-la-region-de-la-cuenca-detienen-a-una-persona-y-aseguran-drogas-armas-asi-como-una-libreta-con-datos-de-varias-personas","status":"publish","type":"noticias","link":"https:\/\/portal.fgeo.gob.mx\/index.php\/archivos\/noticias\/boletin-1627-fiscalia-de-oaxaca-y-defensa-realizan-cateo-en-la-region-de-la-cuenca-detienen-a-una-persona-y-aseguran-drogas-armas-asi-como-una-libreta-con-datos-de-varias-personas","title":{"rendered":"BOLET\u00cdN 1,628.- Fiscal\u00eda de Oaxaca y DEFENSA realizan cateo en la regi\u00f3n de la Cuenca: detienen a una persona y aseguran drogas, armas, as\u00ed como una libreta con datos de varias personas"},"content":{"rendered":"<p><strong>Oaxaca de Ju\u00e1rez, Oax. 28 de julio de 2025.- <\/strong>Como parte de las labores de investigaci\u00f3n ministerial para fortalecer los trabajos de procuraci\u00f3n de justicia que realiza la Fiscal\u00eda General del Estado de Oaxaca (FGEO), se dio cumplimiento a una orden de cateo en el municipio de San Juan Bautista Tuxtepec, en la regi\u00f3n de la Cuenca del Papaloapan, logrando la detenci\u00f3n de una persona por delitos contra la salud en su modalidad de narcomenudeo en su hip\u00f3tesis de suministro de metanfetaminas.<\/p>\n<p>&nbsp;<\/p>\n<p>La movilizaci\u00f3n policial encabezada por elementos de la Agencia Estatal de Investigaciones (AEI) de la Unidad Especializada en Combate al Secuestro (UECS) y \u00a0de la Vicefiscal\u00eda Regional de Valles Centrales, con apoyo de elementos de la Secretar\u00eda de la Defensa Nacional (DEFENSA), se efectu\u00f3 en un domicilio ubicado en el fraccionamiento &#8220;Las Palmas del Ingenio&#8221; perteneciente al municipio de San Juan Bautista Tuxtepec, lugar donde lograron la detenci\u00f3n de un hombre identificado como G.E.N.V., y aseguraron una unidad de motor con placas del estado de Veracruz, un arma de fuego con cartuchos \u00fatiles.<\/p>\n<p>&nbsp;<\/p>\n<p>En el domicilio, los elementos policiales hallaron tambi\u00e9n diversas bolsas de drogas conocidas como cristal, una b\u00e1scula gramera y una libreta con datos personales de varias personas, los cuales fueron marcados como indicios y fueron asegurados para integrarlos a las investigaciones ministeriales.<\/p>\n<p>&nbsp;<\/p>\n<p>Este despliegue estrat\u00e9gico de seguridad, deriva de trabajos de inteligencia realizados en torno al delito contra la salud en su modalidad de narcomenudeo en agravio de la sociedad.<\/p>\n<p>&nbsp;<\/p>\n<p>Tanto la persona detenida como los objetos asegurados, quedaron a disposici\u00f3n de la autoridad ministerial correspondiente para resolver su situaci\u00f3n jur\u00eddica.<\/p>\n<p>&nbsp;<\/p>\n<p>Las labores de inteligencia que realiza la Fiscal\u00eda de Oaxaca para dar mayor certeza a las investigaciones ministeriales por diversos delitos, permiten fortalecer la estrategia estatal de seguridad p\u00fablica y procuraci\u00f3n de justicia a favor de la ciudadan\u00eda en las diferentes regiones de la entidad.<\/p>\n<figure id=\"attachment_9596\" aria-describedby=\"caption-attachment-9596\" style=\"width: 300px\" class=\"wp-caption alignnone\"><img fetchpriority=\"high\" decoding=\"async\" class=\"size-medium wp-image-9596\" src=\"https:\/\/portal.fgeo.gob.mx\/wp-content\/uploads\/2025\/07\/Dise%C3%B1o-sin-t%C3%ADtulo-23-300x171.jpg\" alt=\"\" width=\"300\" height=\"171\" \/><figcaption id=\"caption-attachment-9596\" class=\"wp-caption-text\">Dise\u00f1o sin t\u00edtulo &#8211; 1<\/figcaption><\/figure>\n","protected":false},"author":2,"featured_media":9547,"comment_status":"closed","ping_status":"closed","template":"","tags":[],"categoria_noticias":[],"class_list":["post-16913","noticias","type-noticias","status-publish","has-post-thumbnail","hentry"],"acf":[],"mb":[],"mfb_rest_fields":["title","gutenberg_elementor_mode"],"_links":{"self":[{"href":"https:\/\/portal.fgeo.gob.mx\/index.php\/wp-json\/wp\/v2\/noticias\/16913","targetHints":{"allow":["GET"]}}],"collection":[{"href":"https:\/\/portal.fgeo.gob.mx\/index.php\/wp-json\/wp\/v2\/noticias"}],"about":[{"href":"https:\/\/portal.fgeo.gob.mx\/index.php\/wp-json\/wp\/v2\/types\/noticias"}],"author":[{"embeddable":true,"href":"https:\/\/portal.fgeo.gob.mx\/index.php\/wp-json\/wp\/v2\/users\/2"}],"replies":[{"embeddable":true,"href":"https:\/\/portal.fgeo.gob.mx\/index.php\/wp-json\/wp\/v2\/comments?post=16913"}],"wp:featuredmedia":[{"embeddable":true,"href":"https:\/\/portal.fgeo.gob.mx\/index.php\/wp-json\/"}],"wp:attachment":[{"href":"https:\/\/portal.fgeo.gob.mx\/index.php\/wp-json\/wp\/v2\/media?parent=16913"}],"wp:term":[{"taxonomy":"post_tag","embeddable":true,"href":"https:\/\/portal.fgeo.gob.mx\/index.php\/wp-json\/wp\/v2\/tags?post=16913"},{"taxonomy":"categoria_noticias","embeddable":true,"href":"https:\/\/portal.fgeo.gob.mx\/index.php\/wp-json\/wp\/v2\/categoria_noticias?post=16913"}],"curies":[{"name":"wp","href":"https:\/\/api.w.org\/{rel}","templated":true}]}}