{"id":16910,"date":"2025-07-26T14:45:39","date_gmt":"2025-07-26T20:45:39","guid":{"rendered":"https:\/\/fge.oaxaca.gob.mx\/?post_type=noticias&amp;p=9591"},"modified":"2025-07-26T14:45:39","modified_gmt":"2025-07-26T20:45:39","slug":"boletin-1624-obtiene-fgeo-sentencia-contra-responsable-que-abuso-sexualmente-de-su-nieta-en-los-valles-centrales","status":"publish","type":"noticias","link":"https:\/\/portal.fgeo.gob.mx\/index.php\/archivos\/noticias\/boletin-1624-obtiene-fgeo-sentencia-contra-responsable-que-abuso-sexualmente-de-su-nieta-en-los-valles-centrales","title":{"rendered":"BOLET\u00cdN 1,624.- Obtiene FGEO sentencia contra responsable que abus\u00f3 sexualmente de su nieta, en los Valles Centrales"},"content":{"rendered":"<p><strong>Oaxaca de Ju\u00e1rez, Oax. 26 de julio de 2025.- <\/strong>Como parte de las acciones de procuraci\u00f3n de justicia en favor de ni\u00f1as, ni\u00f1os y adolescentes, la Fiscal\u00eda General del Estado de Oaxaca (FGEO) obtuvo una sentencia condenatoria de seis a\u00f1os con nueve meses de prisi\u00f3n en contra de una persona identificada como E.S.M., responsable del delito de abuso sexual agravado en perjuicio de una menor de edad, hechos ocurridos en la regi\u00f3n de los Valles Centrales.<\/p>\n<p>&nbsp;<\/p>\n<p>De acuerdo con el expediente penal, los hechos ocurrieron el 20 de marzo de 2021, cuando la v\u00edctima -una ni\u00f1a de 11 a\u00f1os de edad, cuya identidad est\u00e1 reservada por ley- se encontraba en un domicilio ubicado en la calle Benito Ju\u00e1rez del municipio San Agust\u00edn Yatareni, lugar donde la agredi\u00f3 el hoy sentenciado (su abuelo).<\/p>\n<p>&nbsp;<\/p>\n<p>Cuando la FGEO tom\u00f3 conocimiento del caso gracias a la denuncia, inici\u00f3 la carpeta de investigaci\u00f3n a trav\u00e9s de la Fiscal\u00eda Especializada en Justicia para Adolescentes que realiz\u00f3 los trabajos ministeriales con perspectiva de infancia, lo que permiti\u00f3 obtener una orden de aprehensi\u00f3n contra E.S.M para posteriormente detenerlo y presentarlo ante el Juez que lo requiri\u00f3.<\/p>\n<p>&nbsp;<\/p>\n<p>Tras el desahogo de pruebas presentadas por la Fiscal\u00eda de Oaxaca, el Juez que atiende la causa dict\u00f3 sentencia condenatoria e impuso la pena de seis a\u00f1os y nueve meses de prisi\u00f3n en contra de E.S.M al hallarlo responsable por el delito de abuso sexual agravado, adem\u00e1s de imponer una multa econ\u00f3mica y el pago por concepto de la reparaci\u00f3n del da\u00f1o en abstracto.<\/p>\n<p>&nbsp;<\/p>\n<p>La Fiscal\u00eda de Oaxaca reitera su compromiso de garantizar un adecuado proceso de procuraci\u00f3n de justicia, especialmente en casos de delitos sexuales en los que las v\u00edctimas sean ni\u00f1as, ni\u00f1os o adolescentes, para presentar ante la justicia a quien o quienes resulten responsables.<\/p>\n<p>&nbsp;<\/p>\n","protected":false},"author":2,"featured_media":9547,"comment_status":"closed","ping_status":"closed","template":"","tags":[],"categoria_noticias":[],"class_list":["post-16910","noticias","type-noticias","status-publish","has-post-thumbnail","hentry"],"acf":[],"mb":[],"mfb_rest_fields":["title","gutenberg_elementor_mode"],"_links":{"self":[{"href":"https:\/\/portal.fgeo.gob.mx\/index.php\/wp-json\/wp\/v2\/noticias\/16910","targetHints":{"allow":["GET"]}}],"collection":[{"href":"https:\/\/portal.fgeo.gob.mx\/index.php\/wp-json\/wp\/v2\/noticias"}],"about":[{"href":"https:\/\/portal.fgeo.gob.mx\/index.php\/wp-json\/wp\/v2\/types\/noticias"}],"author":[{"embeddable":true,"href":"https:\/\/portal.fgeo.gob.mx\/index.php\/wp-json\/wp\/v2\/users\/2"}],"replies":[{"embeddable":true,"href":"https:\/\/portal.fgeo.gob.mx\/index.php\/wp-json\/wp\/v2\/comments?post=16910"}],"wp:featuredmedia":[{"embeddable":true,"href":"https:\/\/portal.fgeo.gob.mx\/index.php\/wp-json\/"}],"wp:attachment":[{"href":"https:\/\/portal.fgeo.gob.mx\/index.php\/wp-json\/wp\/v2\/media?parent=16910"}],"wp:term":[{"taxonomy":"post_tag","embeddable":true,"href":"https:\/\/portal.fgeo.gob.mx\/index.php\/wp-json\/wp\/v2\/tags?post=16910"},{"taxonomy":"categoria_noticias","embeddable":true,"href":"https:\/\/portal.fgeo.gob.mx\/index.php\/wp-json\/wp\/v2\/categoria_noticias?post=16910"}],"curies":[{"name":"wp","href":"https:\/\/api.w.org\/{rel}","templated":true}]}}