{"id":16909,"date":"2025-07-25T15:22:01","date_gmt":"2025-07-25T21:22:01","guid":{"rendered":"https:\/\/fge.oaxaca.gob.mx\/?post_type=noticias&amp;p=9589"},"modified":"2025-07-25T15:22:01","modified_gmt":"2025-07-25T21:22:01","slug":"boletin-1623-fiscalia-de-oaxaca-obtiene-sentencia-condenatoria-de-seis-anos-de-prision-por-incumplimiento-de-obligaciones-alimentarias","status":"publish","type":"noticias","link":"https:\/\/portal.fgeo.gob.mx\/index.php\/archivos\/noticias\/boletin-1623-fiscalia-de-oaxaca-obtiene-sentencia-condenatoria-de-seis-anos-de-prision-por-incumplimiento-de-obligaciones-alimentarias","title":{"rendered":"BOLET\u00cdN 1,623.- Fiscal\u00eda de Oaxaca obtiene sentencia condenatoria de seis a\u00f1os de prisi\u00f3n por incumplimiento de obligaciones alimentarias"},"content":{"rendered":"<p><strong>Oaxaca de Ju\u00e1rez, Oax. 25 de julio de 2025.- <\/strong>El trabajo para brindar certeza jur\u00eddica que realiza la Fiscal\u00eda General del Estado de Oaxaca (FGEO) a favor de ni\u00f1as, ni\u00f1os, adolescentes y mujeres, dio como resultado la obtenci\u00f3n de una sentencia condenatoria contra la persona del sexo masculino identificada como U.L.G., por su responsabilidad en el incumplimiento de las obligaciones alimentarias en agravio de su propio hijo (menor de edad cuya identidad es reservada por ley), cometido en San Juan Bautista Cuicatl\u00e1n,\u00a0 regi\u00f3n de la Ca\u00f1ada.<\/p>\n<p>De acuerdo con la causa penal del caso, el hoy sentenciado incumpli\u00f3 con las obligaciones impuestas por un Juez Familiar, quien fij\u00f3 desde el 10 de junio del 2021, el pago de pensi\u00f3n alimentaria a favor de su hijo, orden que ten\u00eda que cumplir la persona sentenciada.<\/p>\n<p>La investigaci\u00f3n revela que, desde el mes de noviembre del 2021 hasta el mes de octubre del 2022, el responsable dej\u00f3 de proveer lo establecido por el Juez de la causa a favor de la v\u00edctima.<\/p>\n<p>Ante tal situaci\u00f3n y tras la denuncia interpuesta ante la FGEO, se iniciaron los trabajos de investigaci\u00f3n a cargo de la Vicefiscal\u00eda General de Control Regional, logrando obtener una orden de aprehensi\u00f3n en contra de U.L.G., para despu\u00e9s llevarlo ante el Juez que lo requiri\u00f3 quien, tras validar los datos probatorios, determin\u00f3 vincularlo a proceso.<\/p>\n<p>En audiencia de debate, el Tribunal de Enjuiciamiento dict\u00f3 sentencia condenatoria en contra de U.L.G., por su responsabilidad en el incumplimiento de las obligaciones alimentarias, imponiendo la pena de 6 a\u00f1os de prisi\u00f3n, as\u00ed como el pago de una multa y el pago por concepto de la reparaci\u00f3n del da\u00f1o a favor de la v\u00edctima.<\/p>\n<p>La Fiscal\u00eda General, reitera en los hechos, su compromiso de llevar ante la justicia a todo aquel que vulnere los derechos y la integridad de ni\u00f1as, ni\u00f1os, adolescentes y mujeres.<\/p>\n<figure id=\"attachment_9590\" aria-describedby=\"caption-attachment-9590\" style=\"width: 262px\" class=\"wp-caption alignnone\"><img fetchpriority=\"high\" decoding=\"async\" class=\"size-full wp-image-9590\" src=\"https:\/\/portal.fgeo.gob.mx\/wp-content\/uploads\/2025\/07\/Dise%C3%B1o-sin-t%C3%ADtulo-22.jpg\" alt=\"\" width=\"262\" height=\"234\" \/><figcaption id=\"caption-attachment-9590\" class=\"wp-caption-text\">Dise\u00f1o sin t\u00edtulo &#8211; 1<\/figcaption><\/figure>\n","protected":false},"author":2,"featured_media":9547,"comment_status":"closed","ping_status":"closed","template":"","tags":[],"categoria_noticias":[],"class_list":["post-16909","noticias","type-noticias","status-publish","has-post-thumbnail","hentry"],"acf":[],"mb":[],"mfb_rest_fields":["title","gutenberg_elementor_mode"],"_links":{"self":[{"href":"https:\/\/portal.fgeo.gob.mx\/index.php\/wp-json\/wp\/v2\/noticias\/16909","targetHints":{"allow":["GET"]}}],"collection":[{"href":"https:\/\/portal.fgeo.gob.mx\/index.php\/wp-json\/wp\/v2\/noticias"}],"about":[{"href":"https:\/\/portal.fgeo.gob.mx\/index.php\/wp-json\/wp\/v2\/types\/noticias"}],"author":[{"embeddable":true,"href":"https:\/\/portal.fgeo.gob.mx\/index.php\/wp-json\/wp\/v2\/users\/2"}],"replies":[{"embeddable":true,"href":"https:\/\/portal.fgeo.gob.mx\/index.php\/wp-json\/wp\/v2\/comments?post=16909"}],"wp:featuredmedia":[{"embeddable":true,"href":"https:\/\/portal.fgeo.gob.mx\/index.php\/wp-json\/"}],"wp:attachment":[{"href":"https:\/\/portal.fgeo.gob.mx\/index.php\/wp-json\/wp\/v2\/media?parent=16909"}],"wp:term":[{"taxonomy":"post_tag","embeddable":true,"href":"https:\/\/portal.fgeo.gob.mx\/index.php\/wp-json\/wp\/v2\/tags?post=16909"},{"taxonomy":"categoria_noticias","embeddable":true,"href":"https:\/\/portal.fgeo.gob.mx\/index.php\/wp-json\/wp\/v2\/categoria_noticias?post=16909"}],"curies":[{"name":"wp","href":"https:\/\/api.w.org\/{rel}","templated":true}]}}