{"id":16907,"date":"2025-07-25T10:25:08","date_gmt":"2025-07-25T16:25:08","guid":{"rendered":"https:\/\/fge.oaxaca.gob.mx\/?post_type=noticias&amp;p=9585"},"modified":"2025-07-25T10:25:08","modified_gmt":"2025-07-25T16:25:08","slug":"boletin-1621-fgeo-ejecuta-orden-de-aprehension-contra-una-persona-por-el-delito-de-pederastia-cometido-en-putla-villa-de-guerrero","status":"publish","type":"noticias","link":"https:\/\/portal.fgeo.gob.mx\/index.php\/archivos\/noticias\/boletin-1621-fgeo-ejecuta-orden-de-aprehension-contra-una-persona-por-el-delito-de-pederastia-cometido-en-putla-villa-de-guerrero","title":{"rendered":"BOLET\u00cdN 1,621.- FGEO ejecuta orden de aprehensi\u00f3n contra una persona por el delito de pederastia, cometido en Putla Villa de Guerrero"},"content":{"rendered":"<p><strong>Oaxaca de Ju\u00e1rez, Oax. 25 de julio de 2025.-<\/strong> La Fiscal\u00eda General del Estado de Oaxaca (FGEO) dio cumplimiento una orden de aprehensi\u00f3n que permiti\u00f3 la detenci\u00f3n de una persona del sexo masculino identificado como R.N.G., por el delito de pederastia agravada, ocurrido en Putla Villa de Guerrero.<\/p>\n<p>&nbsp;<\/p>\n<p>De acuerdo con el informe ministerial de la FGEO, fueron elementos de la Agencia Estatal de Investigaciones (AEI) quienes llevaron a cabo un operativo para realizar la detenci\u00f3n de R.N.G., cuando se encontraba en calles de la poblaci\u00f3n de Asunci\u00f3n Atoyaquillo perteneciente a Putla Villa de Guerrero, municipio de la Sierra Sur, por hechos ocurridos en el 2025 en que una menor de edad,- cuya identidad est\u00e1 reservada por ley- fue agredida sexualmente.<\/p>\n<p>&nbsp;<\/p>\n<p>Al tener conocimiento de los hechos, gracias a la denuncia oportuna de las v\u00edctimas, la FGEO inici\u00f3 las investigaciones ministeriales correspondientes con perspectiva de infancia a trav\u00e9s de la Vicefiscal\u00eda Regional de la Mixteca, logrando obtener una orden de aprehensi\u00f3n en contra de R.N.G., quien luego de su detenci\u00f3n fue presentado ante el Ministerio P\u00fablico para su proceso legal correspondiente.<\/p>\n<p>&nbsp;<\/p>\n<p>La Fiscal\u00eda General del Estado de Oaxaca tiene como prioridad garantizar procesos de justicia eficientes en los casos de delitos cometidos en contra de ni\u00f1as, ni\u00f1os y adolescentes, por medio de investigaciones integrales y con perspectiva de infancia que logren garantizar el inter\u00e9s superior de la ni\u00f1ez.<\/p>\n<p><img fetchpriority=\"high\" decoding=\"async\" class=\"alignnone size-medium wp-image-9586\" src=\"https:\/\/portal.fgeo.gob.mx\/wp-content\/uploads\/2025\/07\/WhatsApp-Image-2025-07-21-at-1.35.00-PM-300x283.jpeg\" alt=\"\" width=\"300\" height=\"283\" \/><\/p>\n","protected":false},"author":2,"featured_media":9547,"comment_status":"closed","ping_status":"closed","template":"","tags":[],"categoria_noticias":[],"class_list":["post-16907","noticias","type-noticias","status-publish","has-post-thumbnail","hentry"],"acf":[],"mb":[],"mfb_rest_fields":["title","gutenberg_elementor_mode"],"_links":{"self":[{"href":"https:\/\/portal.fgeo.gob.mx\/index.php\/wp-json\/wp\/v2\/noticias\/16907","targetHints":{"allow":["GET"]}}],"collection":[{"href":"https:\/\/portal.fgeo.gob.mx\/index.php\/wp-json\/wp\/v2\/noticias"}],"about":[{"href":"https:\/\/portal.fgeo.gob.mx\/index.php\/wp-json\/wp\/v2\/types\/noticias"}],"author":[{"embeddable":true,"href":"https:\/\/portal.fgeo.gob.mx\/index.php\/wp-json\/wp\/v2\/users\/2"}],"replies":[{"embeddable":true,"href":"https:\/\/portal.fgeo.gob.mx\/index.php\/wp-json\/wp\/v2\/comments?post=16907"}],"wp:featuredmedia":[{"embeddable":true,"href":"https:\/\/portal.fgeo.gob.mx\/index.php\/wp-json\/"}],"wp:attachment":[{"href":"https:\/\/portal.fgeo.gob.mx\/index.php\/wp-json\/wp\/v2\/media?parent=16907"}],"wp:term":[{"taxonomy":"post_tag","embeddable":true,"href":"https:\/\/portal.fgeo.gob.mx\/index.php\/wp-json\/wp\/v2\/tags?post=16907"},{"taxonomy":"categoria_noticias","embeddable":true,"href":"https:\/\/portal.fgeo.gob.mx\/index.php\/wp-json\/wp\/v2\/categoria_noticias?post=16907"}],"curies":[{"name":"wp","href":"https:\/\/api.w.org\/{rel}","templated":true}]}}