{"id":16906,"date":"2025-07-24T13:30:29","date_gmt":"2025-07-24T19:30:29","guid":{"rendered":"https:\/\/fge.oaxaca.gob.mx\/?post_type=noticias&amp;p=9582"},"modified":"2025-07-24T13:30:29","modified_gmt":"2025-07-24T19:30:29","slug":"boletin-1620-obtiene-fiscalia-de-oaxaca-vinculacion-a-proceso-y-prision-contra-imputado-por-robo-con-violencia-a-casa-habitacion-estaria-vinculado-con-varios-casos-de-este-tipo-cometidos-en-valles","status":"publish","type":"noticias","link":"https:\/\/portal.fgeo.gob.mx\/index.php\/archivos\/noticias\/boletin-1620-obtiene-fiscalia-de-oaxaca-vinculacion-a-proceso-y-prision-contra-imputado-por-robo-con-violencia-a-casa-habitacion-estaria-vinculado-con-varios-casos-de-este-tipo-cometidos-en-valles","title":{"rendered":"BOLET\u00cdN 1,620.- Obtiene Fiscal\u00eda de Oaxaca vinculaci\u00f3n a proceso y prisi\u00f3n contra imputado por robo con violencia a casa habitaci\u00f3n, estar\u00eda vinculado con varios casos de este tipo cometidos en Valles Centrales"},"content":{"rendered":"<p><strong>Oaxaca de Ju\u00e1rez, Oax. 24 de julio de 2025.-<\/strong> La Fiscal\u00eda General del Estado de Oaxaca (FGEO) obtuvo auto de vinculaci\u00f3n a proceso y prisi\u00f3n preventiva en contra de una persona del sexo masculino identificado como F.V.R., por el delito de Robo a Casa Habitaci\u00f3n con Violencia en perjuicio patrimonial de F.R., ocurrido en la regi\u00f3n de los Valles Centrales.<\/p>\n<p>&nbsp;<\/p>\n<p>Conforme a lo establecido en el expediente penal, los hechos ocurrieron el 02 de mayo de 2025, cuando la v\u00edctima se encontraba junto con sus familiares en el interior de su domicilio ubicado en el Barrio &#8220;Los Barritas&#8221; de la poblaci\u00f3n de San Jos\u00e9 del Cerro de las Huertas perteneciente a Ejutla de Crespo.<\/p>\n<p>&nbsp;<\/p>\n<p>La investigaci\u00f3n detalla que, a ese lugar irrumpi\u00f3 un grupo de personas armadas, entre las que se encontraba el imputado para exigirle una fuerte suma de dinero en efectivo pues supuestamente ten\u00edan como deuda con ellos, situaci\u00f3n que la v\u00edctima dijo desconocer.<\/p>\n<p>&nbsp;<\/p>\n<p>Por lo anterior y al no tener respuestas a su favor, los agresores amenazaron a la v\u00edctima y le quitaron una bolsa que conten\u00eda dinero en efectivo, para despu\u00e9s llevarla junto con su familia a otro sitio del mismo inmueble y amarrarlas de pies y manos para sustraer diversos objetos de valor de la casa habitaci\u00f3n, causando un perjuicio econ\u00f3mico y patrimonial a la v\u00edctima.<\/p>\n<p>&nbsp;<\/p>\n<p>Una vez interpuesta la denuncia, la Fiscal\u00eda de Oaxaca -a trav\u00e9s de la Vicefiscal\u00eda Regional de Valles Centrales- despleg\u00f3 un equipo multidisciplinario al lugar de los hechos para realizar las investigaciones ministeriales correspondientes, logrando obtener pruebas necesarias para la liberaci\u00f3n de una orden de aprehensi\u00f3n y posteriormente realizar la detenci\u00f3n de F.V.R., quien de acuerdo al cotejo de datos, se estableci\u00f3 que el imputado era objetivo prioritario por su probable participaci\u00f3n en diferentes robos a casas perpetrados en esa zona de Ejutla de Crespo.<\/p>\n<p>&nbsp;<\/p>\n<p>Una vez que los Agentes Estatales de Investigaci\u00f3n (AEI) lograron su captura, lo presentaron ante la autoridad que los requiri\u00f3 para su proceso legal correspondiente.<\/p>\n<p>&nbsp;<\/p>\n<p>Tras las respectivas audiencias, el Juez que atiende la causa, valor\u00f3 las pruebas aportadas por la FGEO y dict\u00f3 vinculaci\u00f3n a proceso en contra de F.V.R., por el delito de Robo a Casa Habitaci\u00f3n con Violencia e impuso la medida cautelar de prisi\u00f3n preventiva justificada, otorgando un mes de plazo para el cierre de la investigaci\u00f3n complementaria.<\/p>\n<p>&nbsp;<\/p>\n<p>La Fiscal\u00eda General de Oaxaca realiza investigaciones exhaustivas para dar con quien o quienes resulten responsables, present\u00e1ndolos ante la justicia y aplicando todo el rigor de la Ley.<\/p>\n<figure id=\"attachment_9583\" aria-describedby=\"caption-attachment-9583\" style=\"width: 300px\" class=\"wp-caption alignnone\"><img fetchpriority=\"high\" decoding=\"async\" class=\"size-medium wp-image-9583\" src=\"https:\/\/portal.fgeo.gob.mx\/wp-content\/uploads\/2025\/07\/Dise%C3%B1o-sin-t%C3%ADtulo-20-300x275.jpg\" alt=\"\" width=\"300\" height=\"275\" \/><figcaption id=\"caption-attachment-9583\" class=\"wp-caption-text\">Dise\u00f1o sin t\u00edtulo &#8211; 1<\/figcaption><\/figure>\n","protected":false},"author":2,"featured_media":9547,"comment_status":"closed","ping_status":"closed","template":"","tags":[],"categoria_noticias":[],"class_list":["post-16906","noticias","type-noticias","status-publish","has-post-thumbnail","hentry"],"acf":[],"mb":[],"mfb_rest_fields":["title","gutenberg_elementor_mode"],"_links":{"self":[{"href":"https:\/\/portal.fgeo.gob.mx\/index.php\/wp-json\/wp\/v2\/noticias\/16906","targetHints":{"allow":["GET"]}}],"collection":[{"href":"https:\/\/portal.fgeo.gob.mx\/index.php\/wp-json\/wp\/v2\/noticias"}],"about":[{"href":"https:\/\/portal.fgeo.gob.mx\/index.php\/wp-json\/wp\/v2\/types\/noticias"}],"author":[{"embeddable":true,"href":"https:\/\/portal.fgeo.gob.mx\/index.php\/wp-json\/wp\/v2\/users\/2"}],"replies":[{"embeddable":true,"href":"https:\/\/portal.fgeo.gob.mx\/index.php\/wp-json\/wp\/v2\/comments?post=16906"}],"wp:featuredmedia":[{"embeddable":true,"href":"https:\/\/portal.fgeo.gob.mx\/index.php\/wp-json\/"}],"wp:attachment":[{"href":"https:\/\/portal.fgeo.gob.mx\/index.php\/wp-json\/wp\/v2\/media?parent=16906"}],"wp:term":[{"taxonomy":"post_tag","embeddable":true,"href":"https:\/\/portal.fgeo.gob.mx\/index.php\/wp-json\/wp\/v2\/tags?post=16906"},{"taxonomy":"categoria_noticias","embeddable":true,"href":"https:\/\/portal.fgeo.gob.mx\/index.php\/wp-json\/wp\/v2\/categoria_noticias?post=16906"}],"curies":[{"name":"wp","href":"https:\/\/api.w.org\/{rel}","templated":true}]}}