{"id":16904,"date":"2025-07-23T16:00:31","date_gmt":"2025-07-23T22:00:31","guid":{"rendered":"https:\/\/fge.oaxaca.gob.mx\/?post_type=noticias&amp;p=9574"},"modified":"2025-07-23T16:00:31","modified_gmt":"2025-07-23T22:00:31","slug":"boletin-1618-fgeo-firma-convenio-con-mexfam-para-prevenir-la-violencia-contra-la-diversidad-sexual-en-el-istmo-de-tehuantepec-y-en-todo-el-estado-de-oaxaca","status":"publish","type":"noticias","link":"https:\/\/portal.fgeo.gob.mx\/index.php\/archivos\/noticias\/boletin-1618-fgeo-firma-convenio-con-mexfam-para-prevenir-la-violencia-contra-la-diversidad-sexual-en-el-istmo-de-tehuantepec-y-en-todo-el-estado-de-oaxaca","title":{"rendered":"BOLET\u00cdN 1,618.- FGEO firma convenio con MEXFAM para prevenir la violencia contra la diversidad sexual en el Istmo de Tehuantepec y en todo el estado de Oaxaca"},"content":{"rendered":"<p><strong>Oaxaca de Ju\u00e1rez, Oax. 23 de julio de 2025.-<\/strong> Al firmar un convenio de colaboraci\u00f3n entre la Fiscal\u00eda General del Estado de Oaxaca (FGEO) y la Fundaci\u00f3n Mexicana para la Planeaci\u00f3n Familiar Asociaci\u00f3n Civil (MEXFAM), el Fiscal General, Bernardo Rodr\u00edguez Alamilla, puntualiz\u00f3 que, las alianzas estrat\u00e9gicas con la sociedad civil y la comunidad de la diversidad sexual, son fundamentales para el fortalecimiento de los procesos de procuraci\u00f3n de justicia.<\/p>\n<p>Acompa\u00f1ado por la directora general de MEXFAM A.C., Ana Karina de la Vega Millor; la coordinadora regional del proyecto Transform\u00e1ndome Muxhe Trans, Amaranta G\u00f3mez Regalado; la lideresa del proyecto Transform\u00e1ndome, Josu\u00e9 L\u00f3pez Matus; el director general de Asuntos Jur\u00eddicos de la FGEO, H\u00e9ctor Humberto V\u00e1squez Quevedo; el Fiscal de Oaxaca Bernardo Rodr\u00edguez Alamilla\u00a0 sostuvo que, este convenio es un llamado a la acci\u00f3n para garantizar que todas las personas sin importar su orientaci\u00f3n sexual o identidad de g\u00e9nero, vivan libres de violencia, discriminaci\u00f3n y exclusi\u00f3n.<\/p>\n<p>Rodr\u00edguez Alamilla explic\u00f3 que, a trav\u00e9s del Proyecto Transform\u00e1ndome, la FGEO y MEXFAM, se comprometen a implementar proyectos y estrategias s\u00f3lidas para prevenir la violencia contra la diversidad sexual en el Istmo de Tehuantepec y en todo el Estado de Oaxaca, estableciendo mesas de seguimiento para los casos que afecten a la comunidad Muxhe y a la Diversidad Sexual.<\/p>\n<p>El Fiscal de Oaxaca, Bernardo Rodr\u00edguez Alamilla, detall\u00f3 que el convenio entre la FGEO y MEXFAM\u00a0 implica tambi\u00e9n la capacitaci\u00f3n al personal de la Instituci\u00f3n procuradora de justicia, en temas de diversidad y derechos humanos, adem\u00e1s de la elaboraci\u00f3n de estudios socio-antropol\u00f3gicos sobre cr\u00edmenes que realizan hacia la comunidad Muxhe, transexual, y de la diversidad sexual, as\u00ed como el seguimiento de casos de violencia ocasionada hacia la comunidad Muxhe y de la diversidad sexual registrados en la plataforma especial de denuncia.<\/p>\n<p><img fetchpriority=\"high\" decoding=\"async\" class=\"alignnone size-medium wp-image-9579\" src=\"https:\/\/portal.fgeo.gob.mx\/wp-content\/uploads\/2025\/07\/WhatsApp-Image-2025-07-23-at-3.37.42-PM-5-300x200.jpeg\" alt=\"\" width=\"300\" height=\"200\" \/><\/p>\n<p>Agreg\u00f3 que, esta alianza estrat\u00e9gica es un paso fundamental en el compromiso por la justicia y la igualdad en Oaxaca, que busca cerrar brechas hist\u00f3ricas y asegurar que los derechos humanos, especialmente los de la comunidad LGBTTTIQ+, sean una realidad palpable.<\/p>\n<p>Durante su participaci\u00f3n, la coordinadora regional del proyecto Transform\u00e1ndome Muxhe Trans, Amaranta G\u00f3mez Regalado, sostuvo que, la seguridad y la prevenci\u00f3n han sido l\u00edneas prioritarias que se han trabajado en conjunto con la Instituci\u00f3n, \u201csin embargo, con la esta firma de convenio se consolida esta alianza estrat\u00e9gica, pues ning\u00fan esfuerzo se va a realizar por s\u00ed solo, sino se trabaja de manera coordinada en beneficio de la ciudadan\u00eda\u201d.<\/p>\n<p>Por su parte, la lideresa del proyecto Transform\u00e1ndome, Josu\u00e9 L\u00f3pez Matus, reconoci\u00f3 la respuesta inmediata de la Fiscal\u00eda para atender los casos denunciados en la plataforma. Agreg\u00f3, que ninguna lucha por la justicia y la seguridad de las comunidades se ganar\u00e1 por s\u00ed solos, sin la colaboraci\u00f3n interinstitucional.<\/p>\n<p>Finalmente, la directora general de MEXFAM A.C., Ana Karina de la Vega Millor, celebr\u00f3 la firma de este convenio, pues con ello, se busca prevenir la violencia en contra de la diversidad sexual, asimismo destac\u00f3 la elaboraci\u00f3n de un estudio socio-antropol\u00f3gico sobre cr\u00edmenes que realizan hacia la comunidad Muxhe, transexual, y de la diversidad sexual, una estrategia que podr\u00eda replicarse en otros estados del pa\u00eds.<\/p>\n<p><img decoding=\"async\" class=\"alignnone size-medium wp-image-9575\" src=\"https:\/\/portal.fgeo.gob.mx\/wp-content\/uploads\/2025\/07\/WhatsApp-Image-2025-07-23-at-3.37.43-PM-300x200.jpeg\" alt=\"\" width=\"300\" height=\"200\" \/> <img decoding=\"async\" class=\"alignnone size-medium wp-image-9576\" src=\"https:\/\/portal.fgeo.gob.mx\/wp-content\/uploads\/2025\/07\/WhatsApp-Image-2025-07-23-at-3.37.42-PM-8-300x135.jpeg\" alt=\"\" width=\"300\" height=\"135\" \/> <img loading=\"lazy\" decoding=\"async\" class=\"alignnone size-medium wp-image-9577\" src=\"https:\/\/portal.fgeo.gob.mx\/wp-content\/uploads\/2025\/07\/WhatsApp-Image-2025-07-23-at-3.37.42-PM-7-300x200.jpeg\" alt=\"\" width=\"300\" height=\"200\" \/> <img loading=\"lazy\" decoding=\"async\" class=\"alignnone size-medium wp-image-9578\" src=\"https:\/\/portal.fgeo.gob.mx\/wp-content\/uploads\/2025\/07\/WhatsApp-Image-2025-07-23-at-3.37.42-PM-6-300x200.jpeg\" alt=\"\" width=\"300\" height=\"200\" \/><\/p>\n","protected":false},"author":2,"featured_media":9547,"comment_status":"closed","ping_status":"closed","template":"","tags":[],"categoria_noticias":[],"class_list":["post-16904","noticias","type-noticias","status-publish","has-post-thumbnail","hentry"],"acf":[],"mb":[],"mfb_rest_fields":["title","gutenberg_elementor_mode"],"_links":{"self":[{"href":"https:\/\/portal.fgeo.gob.mx\/index.php\/wp-json\/wp\/v2\/noticias\/16904","targetHints":{"allow":["GET"]}}],"collection":[{"href":"https:\/\/portal.fgeo.gob.mx\/index.php\/wp-json\/wp\/v2\/noticias"}],"about":[{"href":"https:\/\/portal.fgeo.gob.mx\/index.php\/wp-json\/wp\/v2\/types\/noticias"}],"author":[{"embeddable":true,"href":"https:\/\/portal.fgeo.gob.mx\/index.php\/wp-json\/wp\/v2\/users\/2"}],"replies":[{"embeddable":true,"href":"https:\/\/portal.fgeo.gob.mx\/index.php\/wp-json\/wp\/v2\/comments?post=16904"}],"wp:featuredmedia":[{"embeddable":true,"href":"https:\/\/portal.fgeo.gob.mx\/index.php\/wp-json\/"}],"wp:attachment":[{"href":"https:\/\/portal.fgeo.gob.mx\/index.php\/wp-json\/wp\/v2\/media?parent=16904"}],"wp:term":[{"taxonomy":"post_tag","embeddable":true,"href":"https:\/\/portal.fgeo.gob.mx\/index.php\/wp-json\/wp\/v2\/tags?post=16904"},{"taxonomy":"categoria_noticias","embeddable":true,"href":"https:\/\/portal.fgeo.gob.mx\/index.php\/wp-json\/wp\/v2\/categoria_noticias?post=16904"}],"curies":[{"name":"wp","href":"https:\/\/api.w.org\/{rel}","templated":true}]}}