{"id":16903,"date":"2025-07-23T13:09:33","date_gmt":"2025-07-23T19:09:33","guid":{"rendered":"https:\/\/fge.oaxaca.gob.mx\/?post_type=noticias&amp;p=9571"},"modified":"2025-07-23T13:09:33","modified_gmt":"2025-07-23T19:09:33","slug":"boletin-1617-obtiene-fgeo-prision-y-vinculacion-a-proceso-contra-una-persona-por-narcomenudeo-cometido-en-los-valles-centrales-investigaciones-revelan-que-estaria-relacionado-con-el-robo-de-motoci","status":"publish","type":"noticias","link":"https:\/\/portal.fgeo.gob.mx\/index.php\/archivos\/noticias\/boletin-1617-obtiene-fgeo-prision-y-vinculacion-a-proceso-contra-una-persona-por-narcomenudeo-cometido-en-los-valles-centrales-investigaciones-revelan-que-estaria-relacionado-con-el-robo-de-motoci","title":{"rendered":"BOLET\u00cdN 1,617.- Obtiene FGEO prisi\u00f3n y vinculaci\u00f3n a proceso contra una persona por Narcomenudeo cometido en los Valles Centrales; investigaciones revelan que estar\u00eda relacionado con el robo de motocicletas en la Zona Metropolitana"},"content":{"rendered":"<p><strong>Oaxaca de Ju\u00e1rez, Oax. 23 de julio de 2025.-<\/strong> Como parte de las acciones de investigaci\u00f3n ministerial para combatir los delitos de alto impacto, la Fiscal\u00eda General del Estado de Oaxaca (FGEO) obtuvo auto de vinculaci\u00f3n a proceso y prisi\u00f3n preventiva en contra una persona del sexo masculino identificada como K.A.B.M., por el delito contra la Salud en su modalidad de Narcomenudeo en su hip\u00f3tesis de posesi\u00f3n de metanfetamina con fines de comercio, cometido en agravio de la sociedad.<\/p>\n<p>&nbsp;<\/p>\n<p>De acuerdo con el expediente penal, K.A.B.M. fue detenido por Agentes Estatales de Investigaci\u00f3n (AEI) adscritos a la Vicefiscal\u00eda Regional de los Valles Centrales, sobre la carretera Zaachila-Cuil\u00e1pam de Guerrero en inmediaciones del Barrio de San Lucas, cuando los elementos policiales realizaban recorridos de vigilancia y disuasi\u00f3n en la zona.<\/p>\n<p>&nbsp;<\/p>\n<p>La investigaci\u00f3n detalla que, la detenci\u00f3n del imputado se efectu\u00f3 luego de que mostrara una actitud sospechosa ante la presencia policial evidenciado con ello, llevar en su mano bolsas con droga conocida como metanfetamina.<\/p>\n<p>&nbsp;<\/p>\n<p>Por lo anterior, se realiz\u00f3 una revisi\u00f3n legal al imputado, hallando entre sus pertenencias diversas bolsas que conten\u00edan diversas dosis de metanfetamina, motivo por el cual fue detenido y presentado ante la autoridad correspondiente.<\/p>\n<p>&nbsp;<\/p>\n<p><img fetchpriority=\"high\" decoding=\"async\" class=\" wp-image-9572 aligncenter\" src=\"https:\/\/portal.fgeo.gob.mx\/wp-content\/uploads\/2025\/07\/IMAGEN-BOLET%C3%8DN-1617-195x300.png\" alt=\"\" width=\"293\" height=\"451\" \/><\/p>\n<p>&nbsp;<\/p>\n<p>Durante el proceso de investigaci\u00f3n, se pudo establecer que el imputado estar\u00eda implicado en el delito de robo de motocicletas, por lo que se inici\u00f3 la investigaci\u00f3n correspondiente.<\/p>\n<p>&nbsp;<\/p>\n<p>En audiencia, y tras el desahogo de pruebas aportadas por la FGEO, el Juez de Control dict\u00f3 auto de vinculaci\u00f3n a proceso en contra del imputado, por el delito contra la Salud en su modalidad de Narcomenudeo en su hip\u00f3tesis de posesi\u00f3n de metanfetamina con fines de comercio, imponiendo la medida cautelar de prisi\u00f3n preventiva justificada.<\/p>\n<p>&nbsp;<\/p>\n<p>La Fiscal\u00eda General de Oaxaca, refrenda su compromiso de seguir trabajando para combatir este tipo de delitos que da\u00f1an el tejido social y atentan contra el bienestar de la sociedad oaxaque\u00f1a.<\/p>\n<p>&nbsp;<\/p>\n","protected":false},"author":2,"featured_media":9547,"comment_status":"closed","ping_status":"closed","template":"","tags":[],"categoria_noticias":[],"class_list":["post-16903","noticias","type-noticias","status-publish","has-post-thumbnail","hentry"],"acf":[],"mb":[],"mfb_rest_fields":["title","gutenberg_elementor_mode"],"_links":{"self":[{"href":"https:\/\/portal.fgeo.gob.mx\/index.php\/wp-json\/wp\/v2\/noticias\/16903","targetHints":{"allow":["GET"]}}],"collection":[{"href":"https:\/\/portal.fgeo.gob.mx\/index.php\/wp-json\/wp\/v2\/noticias"}],"about":[{"href":"https:\/\/portal.fgeo.gob.mx\/index.php\/wp-json\/wp\/v2\/types\/noticias"}],"author":[{"embeddable":true,"href":"https:\/\/portal.fgeo.gob.mx\/index.php\/wp-json\/wp\/v2\/users\/2"}],"replies":[{"embeddable":true,"href":"https:\/\/portal.fgeo.gob.mx\/index.php\/wp-json\/wp\/v2\/comments?post=16903"}],"wp:featuredmedia":[{"embeddable":true,"href":"https:\/\/portal.fgeo.gob.mx\/index.php\/wp-json\/"}],"wp:attachment":[{"href":"https:\/\/portal.fgeo.gob.mx\/index.php\/wp-json\/wp\/v2\/media?parent=16903"}],"wp:term":[{"taxonomy":"post_tag","embeddable":true,"href":"https:\/\/portal.fgeo.gob.mx\/index.php\/wp-json\/wp\/v2\/tags?post=16903"},{"taxonomy":"categoria_noticias","embeddable":true,"href":"https:\/\/portal.fgeo.gob.mx\/index.php\/wp-json\/wp\/v2\/categoria_noticias?post=16903"}],"curies":[{"name":"wp","href":"https:\/\/api.w.org\/{rel}","templated":true}]}}