{"id":16901,"date":"2025-07-22T12:31:46","date_gmt":"2025-07-22T18:31:46","guid":{"rendered":"https:\/\/fge.oaxaca.gob.mx\/?post_type=noticias&amp;p=9563"},"modified":"2025-07-22T12:31:46","modified_gmt":"2025-07-22T18:31:46","slug":"boletin-1614-fiscalia-de-oaxaca-ejecuta-orden-de-aprehension-contra-dos-expolicias-municipales-por-el-delito-de-tortura-cometido-en-tlaxiaco","status":"publish","type":"noticias","link":"https:\/\/portal.fgeo.gob.mx\/index.php\/archivos\/noticias\/boletin-1614-fiscalia-de-oaxaca-ejecuta-orden-de-aprehension-contra-dos-expolicias-municipales-por-el-delito-de-tortura-cometido-en-tlaxiaco","title":{"rendered":"BOLET\u00cdN 1,614.- Fiscal\u00eda de Oaxaca ejecuta orden de aprehensi\u00f3n contra dos expolic\u00edas municipales, por el delito de tortura cometido en Tlaxiaco"},"content":{"rendered":"<p><strong>Oaxaca de Ju\u00e1rez, Oax. 22 de julio de 2025.-<\/strong> La Fiscal\u00eda General del Estado de Oaxaca (FGEO) ejecut\u00f3 dos \u00f3rdenes de aprehensi\u00f3n en contra de dos personas del sexo masculino identificadas como J.H.S. y M.A.S. -quienes eran elementos de la polic\u00eda municipal de Tlaxiaco-, personas detenidas por el delito de tortura, en referencia a hechos ocurridos en la regi\u00f3n de la Mixteca.<\/p>\n<p>&nbsp;<\/p>\n<p>De acuerdo con la carpeta de investigaci\u00f3n, el 21 de marzo de 2020, la v\u00edctima fue agredida f\u00edsicamente a golpes por un grupo de personas mientras se encontraba en calles del Barrio San Nicol\u00e1s, en el municipio de Tlaxiaco, derivado de la agresi\u00f3n la v\u00edctima sufri\u00f3 diversas lesiones por las que tuvo que ser hospitalizado.<\/p>\n<p>&nbsp;<\/p>\n<p>A partir de estos hechos, la FGEO, a trav\u00e9s de la Vicefiscal\u00eda General de Atenci\u00f3n a V\u00edctimas y la Sociedad, inici\u00f3 las investigaciones correspondientes que permitieron reunir las pruebas necesarias para obtener la orden de aprehensi\u00f3n en contra de J.H.S. y M.A.S., la cual fue ejecutada por elementos de la Agencia Estatal de Investigaciones.<\/p>\n<p>&nbsp;<\/p>\n<p>Tras su detenci\u00f3n, J.H.S. y M.A.S. fueron puestos a disposici\u00f3n de la autoridad correspondiente para que se determine su situaci\u00f3n jur\u00eddica.<\/p>\n<p>&nbsp;<\/p>\n<p>La Fiscal\u00eda de Oaxaca est\u00e1 comprometida con garantizar procesos adecuados de procuraci\u00f3n de justicia con el objetivo de garantizar la justicia a las v\u00edctimas, a fin de evitar que actos de tortura se repitan en el estado de Oaxaca.<\/p>\n<figure id=\"attachment_9564\" aria-describedby=\"caption-attachment-9564\" style=\"width: 300px\" class=\"wp-caption alignnone\"><img decoding=\"async\" class=\"size-medium wp-image-9564\" src=\"https:\/\/portal.fgeo.gob.mx\/wp-content\/uploads\/2025\/07\/Dise%C3%B1o-sin-t%C3%ADtulo-16-300x134.jpg\" alt=\"\" width=\"300\" height=\"134\" \/><figcaption id=\"caption-attachment-9564\" class=\"wp-caption-text\">Dise\u00f1o sin t\u00edtulo &#8211; 1<\/figcaption><\/figure>\n","protected":false},"author":2,"featured_media":9547,"comment_status":"closed","ping_status":"closed","template":"","tags":[],"categoria_noticias":[],"class_list":["post-16901","noticias","type-noticias","status-publish","has-post-thumbnail","hentry"],"acf":[],"mb":[],"mfb_rest_fields":["title","gutenberg_elementor_mode"],"_links":{"self":[{"href":"https:\/\/portal.fgeo.gob.mx\/index.php\/wp-json\/wp\/v2\/noticias\/16901","targetHints":{"allow":["GET"]}}],"collection":[{"href":"https:\/\/portal.fgeo.gob.mx\/index.php\/wp-json\/wp\/v2\/noticias"}],"about":[{"href":"https:\/\/portal.fgeo.gob.mx\/index.php\/wp-json\/wp\/v2\/types\/noticias"}],"author":[{"embeddable":true,"href":"https:\/\/portal.fgeo.gob.mx\/index.php\/wp-json\/wp\/v2\/users\/2"}],"replies":[{"embeddable":true,"href":"https:\/\/portal.fgeo.gob.mx\/index.php\/wp-json\/wp\/v2\/comments?post=16901"}],"wp:featuredmedia":[{"embeddable":true,"href":"https:\/\/portal.fgeo.gob.mx\/index.php\/wp-json\/"}],"wp:attachment":[{"href":"https:\/\/portal.fgeo.gob.mx\/index.php\/wp-json\/wp\/v2\/media?parent=16901"}],"wp:term":[{"taxonomy":"post_tag","embeddable":true,"href":"https:\/\/portal.fgeo.gob.mx\/index.php\/wp-json\/wp\/v2\/tags?post=16901"},{"taxonomy":"categoria_noticias","embeddable":true,"href":"https:\/\/portal.fgeo.gob.mx\/index.php\/wp-json\/wp\/v2\/categoria_noticias?post=16901"}],"curies":[{"name":"wp","href":"https:\/\/api.w.org\/{rel}","templated":true}]}}