{"id":16900,"date":"2025-07-22T09:56:01","date_gmt":"2025-07-22T15:56:01","guid":{"rendered":"https:\/\/fge.oaxaca.gob.mx\/?post_type=noticias&amp;p=9561"},"modified":"2025-07-22T09:56:01","modified_gmt":"2025-07-22T15:56:01","slug":"boletin-1613-fiscalia-de-oaxaca-obtiene-prision-y-vinculacion-a-proceso-contra-imputado-por-violacion-contra-una-adolescente-ocurrida-en-los-valles-centrales","status":"publish","type":"noticias","link":"https:\/\/portal.fgeo.gob.mx\/index.php\/archivos\/noticias\/boletin-1613-fiscalia-de-oaxaca-obtiene-prision-y-vinculacion-a-proceso-contra-imputado-por-violacion-contra-una-adolescente-ocurrida-en-los-valles-centrales","title":{"rendered":"BOLET\u00cdN 1613.- Fiscal\u00eda de Oaxaca obtiene prisi\u00f3n y vinculaci\u00f3n a proceso contra imputado por violaci\u00f3n contra una adolescente ocurrida en los Valles Centrales"},"content":{"rendered":"<p>&nbsp;<\/p>\n<p><strong>Oaxaca de Ju\u00e1rez, Oax. 22 de julio de 2025.-<\/strong> La Fiscal\u00eda General del Estado de Oaxaca (FGEO) obtuvo auto de vinculaci\u00f3n a proceso y prisi\u00f3n preventiva en contra de una persona del sexo masculino identificada como E.E.G.D., imputado por el delito de Equiparado a la Violaci\u00f3n cometido en la regi\u00f3n de los Valles Centrales.<\/p>\n<p>Conforme a lo establecido en el expediente penal del caso, el 05 de marzo de 2025, el imputado, quien desde diciembre de 2024 enganch\u00f3 v\u00eda redes sociales a la v\u00edctima, una adolescente de 15 a\u00f1os de edad (cuya identidad est\u00e1 reservada por ley), lleg\u00f3 a la comunidad de Santiago Nacaltepec perteneciente al distrito de Cuicatl\u00e1n, para convencer y posteriormente llevarsela hasta un domicilio ubicado en Ocotl\u00e1n de Morelos, lugar donde la agredi\u00f3 sexualmente.<\/p>\n<p>Al tener conocimiento de los hechos, derivado de la denuncia interpuesta, la FGEO -a trav\u00e9s de la Comandancia Especializada en Atenci\u00f3n de Delitos contra la Mujer por Raz\u00f3n de G\u00e9nero de la Vicefiscal\u00eda Regional de Valles Centrales- llev\u00f3 a cabo los trabajos ministeriales, gracias a los cuales se obtuvo una orden de aprehensi\u00f3n la cual fue ejecutada por elementos de la Agencia Estatal de Investigaciones (AEI) quienes lo prestaron ante la autoridad competente para resolver su situaci\u00f3n jur\u00eddica.<\/p>\n<p>En audiencia y derivado de la evaluaci\u00f3n de los datos de prueba aportados por la FGEO, el Juez dict\u00f3 auto de vinculaci\u00f3n a proceso en contra de E.E.G.D., por el delito de equiparado a la violaci\u00f3n, e impuso la medida cautelar de prisi\u00f3n preventiva definitiva, otorgando el plazo de dos meses para el cierre de la investigaci\u00f3n complementaria.<\/p>\n<p>La Fiscal\u00eda de Oaxaca aplica los protocolos de g\u00e9nero en las investigaciones por este tipo de agresiones sexuales para que los delitos de esta naturaleza no queden impunes y las v\u00edctimas tengan acceso pleno e integral a la justicia.<\/p>\n<p><img decoding=\"async\" class=\"alignnone size-medium wp-image-9562\" src=\"https:\/\/portal.fgeo.gob.mx\/wp-content\/uploads\/2025\/07\/WhatsApp-Image-2025-07-14-at-4.26.19-PM-300x138.jpeg\" alt=\"\" width=\"300\" height=\"138\" \/><\/p>\n","protected":false},"author":2,"featured_media":9547,"comment_status":"closed","ping_status":"closed","template":"","tags":[],"categoria_noticias":[],"class_list":["post-16900","noticias","type-noticias","status-publish","has-post-thumbnail","hentry"],"acf":[],"mb":[],"mfb_rest_fields":["title","gutenberg_elementor_mode"],"_links":{"self":[{"href":"https:\/\/portal.fgeo.gob.mx\/index.php\/wp-json\/wp\/v2\/noticias\/16900","targetHints":{"allow":["GET"]}}],"collection":[{"href":"https:\/\/portal.fgeo.gob.mx\/index.php\/wp-json\/wp\/v2\/noticias"}],"about":[{"href":"https:\/\/portal.fgeo.gob.mx\/index.php\/wp-json\/wp\/v2\/types\/noticias"}],"author":[{"embeddable":true,"href":"https:\/\/portal.fgeo.gob.mx\/index.php\/wp-json\/wp\/v2\/users\/2"}],"replies":[{"embeddable":true,"href":"https:\/\/portal.fgeo.gob.mx\/index.php\/wp-json\/wp\/v2\/comments?post=16900"}],"wp:featuredmedia":[{"embeddable":true,"href":"https:\/\/portal.fgeo.gob.mx\/index.php\/wp-json\/"}],"wp:attachment":[{"href":"https:\/\/portal.fgeo.gob.mx\/index.php\/wp-json\/wp\/v2\/media?parent=16900"}],"wp:term":[{"taxonomy":"post_tag","embeddable":true,"href":"https:\/\/portal.fgeo.gob.mx\/index.php\/wp-json\/wp\/v2\/tags?post=16900"},{"taxonomy":"categoria_noticias","embeddable":true,"href":"https:\/\/portal.fgeo.gob.mx\/index.php\/wp-json\/wp\/v2\/categoria_noticias?post=16900"}],"curies":[{"name":"wp","href":"https:\/\/api.w.org\/{rel}","templated":true}]}}