{"id":16898,"date":"2025-07-20T12:05:25","date_gmt":"2025-07-20T18:05:25","guid":{"rendered":"https:\/\/fge.oaxaca.gob.mx\/?post_type=noticias&amp;p=9557"},"modified":"2025-07-20T12:05:25","modified_gmt":"2025-07-20T18:05:25","slug":"boletin-1611-fiscalia-de-oaxaca-obtiene-prision-preventiva-contra-directora-y-maestro-del-colegio-francoise-dolto-por-lesiones-de-ninas-y-ninos-ocurridas-durante-campamento","status":"publish","type":"noticias","link":"https:\/\/portal.fgeo.gob.mx\/index.php\/archivos\/noticias\/boletin-1611-fiscalia-de-oaxaca-obtiene-prision-preventiva-contra-directora-y-maestro-del-colegio-francoise-dolto-por-lesiones-de-ninas-y-ninos-ocurridas-durante-campamento","title":{"rendered":"BOLET\u00cdN 1611.- Fiscal\u00eda de Oaxaca obtiene prisi\u00f3n preventiva contra directora y maestro del Colegio Francoise Dolto, por lesiones de ni\u00f1as y ni\u00f1os, ocurridas durante campamento"},"content":{"rendered":"<ul>\n<li><em>Suman seis las personas vinculadas a proceso por la comisi\u00f3n de diferentes delitos ligados a este caso que sucedi\u00f3 al interior de la instituci\u00f3n educativa localizada en el centro de la capital de la entidad<\/em><\/li>\n<\/ul>\n<p><em>\u00a0<\/em><\/p>\n<p><strong>Oaxaca de Ju\u00e1rez, Oax. 20 de julio de 2025<\/strong>.- La Fiscal\u00eda General del Estado de Oaxaca (FGEO) llev\u00f3 a cabo los trabajos ministeriales especializados en justicia para ni\u00f1as y ni\u00f1os, gracias a los cuales logr\u00f3 el cambio de medida cautelar de dos personas imputadas por el delito de Lesiones, identificados por las iniciales A.C.S.M. (mujer) y J.D.I.S. (hombre) -directora y maestro del Colegio \u201cFrancoise Dolto\u201d-, quienes ahora se encuentran en prisi\u00f3n preventiva, por hechos en los que alumnas y alumnos de la instituci\u00f3n educativa sufrieron lesiones por quemadura durante una actividad recreativa, acciones por las que suman seis probables responsables vinculados a proceso.<\/p>\n<p>&nbsp;<\/p>\n<p>De acuerdo con el expediente penal, la FGEO llev\u00f3 a audiencia a A.C.S.M. y a J.D.I.S., por el delito de Lesiones cometidas en agravio de ni\u00f1as y ni\u00f1os, en el interior del colegio \u201cFrancoise Dolto\u201d, ubicado en calle Berrioz\u00e1bal, en la colonia Centro, en el municipio de Oaxaca de Ju\u00e1rez, logrando la vinculaci\u00f3n a proceso, por el que el Juez que atiende la causa hab\u00eda dictado medidas cautelares distintas a la prisi\u00f3n.<\/p>\n<p>&nbsp;<\/p>\n<p>Para dar una atenci\u00f3n integral y con el objetivo que las v\u00edctimas directas e indirectas tengan pleno acceso a la justicia, la Fiscal\u00eda de Oaxaca -a trav\u00e9s de la Fiscal\u00eda Especializada en Justicia para Ni\u00f1as, Ni\u00f1os y Adolescentes- solicit\u00f3 la revisi\u00f3n de medidas cautelares, logrando que el Juez impusiera prisi\u00f3n preventiva justificada para los dos imputados.<\/p>\n<p>&nbsp;<\/p>\n<p>Con estas dos vinculaciones a proceso, ya suman seis personas imputadas y bajo proceso penal por su probable responsabilidad en la comisi\u00f3n de diversos delitos dentro del mismo caso, como resultado de los trabajos especializados y coordinados entre diferentes \u00e1reas de la FGEO como la Vicefiscal\u00eda General de Control Operativo, Vicefiscal\u00eda Regional de Valles Centrales y la Fiscal\u00eda Especializada en Justicia para Ni\u00f1as, Ni\u00f1os y Adolescentes.<\/p>\n<p>&nbsp;<\/p>\n<p>De acuerdo con el expediente penal, los hechos ocurrieron el 29 de abril de 2025, cuando las v\u00edctimas -alumnas y alumnos del colegio \u201cFrancoise Dolto\u201d- acudieron a la escuela localizada en el Centro de la ciudad de Oaxaca, para participar en un campamento como parte de los festejos por el D\u00eda del Ni\u00f1o.<\/p>\n<p>&nbsp;<\/p>\n<p>Sin embargo, cuando se encontraban alrededor de una fogata, una persona adulta lanz\u00f3 alcohol et\u00edlico que aviv\u00f3 el fuego, el cual alcanz\u00f3 a varios menores de edad, quienes resultaron con lesiones de gravedad por las quemaduras.<\/p>\n<p>&nbsp;<\/p>\n<p>La Fiscal\u00eda General del Estado de Oaxaca prioriza las investigaciones de delitos cometidos en contra de ni\u00f1as, ni\u00f1os y adolescentes, pues busca un adecuado acceso a la procuraci\u00f3n de justicia que lleve la perspectiva de infancia y adolescencia pues, este mecanismo es la v\u00eda para garantizar la m\u00e1xima protecci\u00f3n y atender adecuadamente el inter\u00e9s superior de la ni\u00f1ez.<\/p>\n<p><img fetchpriority=\"high\" decoding=\"async\" class=\"alignnone size-medium wp-image-9558\" src=\"https:\/\/portal.fgeo.gob.mx\/wp-content\/uploads\/2025\/07\/BOLET%C3%8DN-1611.-Fiscal%C3%ADa-de-Oaxaca-obtiene-prisi%C3%B3n-preventiva-contra-directora-y-maestro-del-Colegio-Francoise-Dolto-por-lesiones-de-ni%C3%B1as-y-ni%C3%B1os-ocurridas-durante-campamento_page-0001-232x300.jpg\" alt=\"\" width=\"232\" height=\"300\" \/><\/p>\n","protected":false},"author":2,"featured_media":9547,"comment_status":"closed","ping_status":"closed","template":"","tags":[],"categoria_noticias":[],"class_list":["post-16898","noticias","type-noticias","status-publish","has-post-thumbnail","hentry"],"acf":[],"mb":[],"mfb_rest_fields":["title","gutenberg_elementor_mode"],"_links":{"self":[{"href":"https:\/\/portal.fgeo.gob.mx\/index.php\/wp-json\/wp\/v2\/noticias\/16898","targetHints":{"allow":["GET"]}}],"collection":[{"href":"https:\/\/portal.fgeo.gob.mx\/index.php\/wp-json\/wp\/v2\/noticias"}],"about":[{"href":"https:\/\/portal.fgeo.gob.mx\/index.php\/wp-json\/wp\/v2\/types\/noticias"}],"author":[{"embeddable":true,"href":"https:\/\/portal.fgeo.gob.mx\/index.php\/wp-json\/wp\/v2\/users\/2"}],"replies":[{"embeddable":true,"href":"https:\/\/portal.fgeo.gob.mx\/index.php\/wp-json\/wp\/v2\/comments?post=16898"}],"wp:featuredmedia":[{"embeddable":true,"href":"https:\/\/portal.fgeo.gob.mx\/index.php\/wp-json\/"}],"wp:attachment":[{"href":"https:\/\/portal.fgeo.gob.mx\/index.php\/wp-json\/wp\/v2\/media?parent=16898"}],"wp:term":[{"taxonomy":"post_tag","embeddable":true,"href":"https:\/\/portal.fgeo.gob.mx\/index.php\/wp-json\/wp\/v2\/tags?post=16898"},{"taxonomy":"categoria_noticias","embeddable":true,"href":"https:\/\/portal.fgeo.gob.mx\/index.php\/wp-json\/wp\/v2\/categoria_noticias?post=16898"}],"curies":[{"name":"wp","href":"https:\/\/api.w.org\/{rel}","templated":true}]}}