{"id":16897,"date":"2025-07-19T15:08:24","date_gmt":"2025-07-19T21:08:24","guid":{"rendered":"https:\/\/fge.oaxaca.gob.mx\/?post_type=noticias&amp;p=9554"},"modified":"2025-07-19T15:08:24","modified_gmt":"2025-07-19T21:08:24","slug":"boletin-1610-fiscalia-de-oaxaca-ejecuta-orden-de-aprehension-contra-dos-personas-por-despojo-agravado-cometido-de-manera-violenta-en-salina-cruz","status":"publish","type":"noticias","link":"https:\/\/portal.fgeo.gob.mx\/index.php\/archivos\/noticias\/boletin-1610-fiscalia-de-oaxaca-ejecuta-orden-de-aprehension-contra-dos-personas-por-despojo-agravado-cometido-de-manera-violenta-en-salina-cruz","title":{"rendered":"BOLET\u00cdN 1610.- Fiscal\u00eda de Oaxaca ejecuta orden de aprehensi\u00f3n contra dos personas por despojo agravado, cometido de manera violenta en Salina Cruz"},"content":{"rendered":"<ul>\n<li><em>Ingresaron de manera violenta y portando armas de fuego, para apoderarse de un predio por lo que realizaron la denuncia a partir de la cual se inici\u00f3 el proceso penal<\/em><\/li>\n<\/ul>\n<p><em>\u00a0<\/em><\/p>\n<p><strong>Oaxaca de Ju\u00e1rez, Oax. 19 de julio de 2025<\/strong>.- La Fiscal\u00eda General del Estado de Oaxaca (FGEO) ejecut\u00f3 una orden de aprehensi\u00f3n que permiti\u00f3 la detenci\u00f3n de dos personas identificadas como M.G.F. (hombre) y C.T.V. (mujer), por el delito de despojo agravado cometido en perjuicio de patrimonial de S.I.C.M., cometido en la regi\u00f3n del Istmo de Tehuantepec.<\/p>\n<p>&nbsp;<\/p>\n<p>De acuerdo con la causa penal, los hechos ocurrieron el 05 de noviembre de 2024, cuando la v\u00edctima se encontraba en su domicilio ubicado en inmediaciones del municipio de Salina Cruz, siti\u00f3 donde arribaron un grupo de personas, quienes lo agredieron de forma violenta, adem\u00e1s de amenazarlo con un arma de fuego y enseguida despojarlo de su propiedad.<\/p>\n<p>&nbsp;<\/p>\n<p>Ante estos hechos, la FGEO inici\u00f3 las investigaciones -a trav\u00e9s de la Vicefiscal\u00eda Regional del Istmo-, que permitieron obtener la orden de aprehensi\u00f3n en contra de M.G.F. y C.T.V., la cual fue ejecutada por elementos de la Agencia Estatal de Investigaciones (AEI).<\/p>\n<p>&nbsp;<\/p>\n<p>Tras la detenci\u00f3n, M.G.F. y C.T.V., fueron puestos a disposici\u00f3n de la autoridad ministerial correspondiente para su debido proceso legal.<\/p>\n<p>&nbsp;<\/p>\n<p>La Fiscal\u00eda General garantiza justicia plena a v\u00edctimas de delitos, aplicando todo el rigor de la Ley a quien o quienes resulten responsables.\u00a0 \u00a0<img fetchpriority=\"high\" decoding=\"async\" class=\"alignnone size-medium wp-image-9555\" src=\"https:\/\/portal.fgeo.gob.mx\/wp-content\/uploads\/2025\/07\/BOLET%C3%8DN-1610.-Fiscal%C3%ADa-de-Oaxaca-ejecuta-orden-de-aprehensi%C3%B3n-contra-dos-personas-por-despojo-agravado-cometido-de-manera-violenta-en-Salina-Cruz1-225x300.jpeg\" alt=\"\" width=\"225\" height=\"300\" \/> <img decoding=\"async\" class=\"alignnone size-medium wp-image-9556\" src=\"https:\/\/portal.fgeo.gob.mx\/wp-content\/uploads\/2025\/07\/BOLET%C3%8DN-1610.-Fiscal%C3%ADa-de-Oaxaca-ejecuta-orden-de-aprehensi%C3%B3n-contra-dos-personas-por-despojo-agravado-cometido-de-manera-violenta-en-Salina-Cruz2-225x300.jpeg\" alt=\"\" width=\"225\" height=\"300\" \/><\/p>\n","protected":false},"author":2,"featured_media":9547,"comment_status":"closed","ping_status":"closed","template":"","tags":[],"categoria_noticias":[],"class_list":["post-16897","noticias","type-noticias","status-publish","has-post-thumbnail","hentry"],"acf":[],"mb":[],"mfb_rest_fields":["title","gutenberg_elementor_mode"],"_links":{"self":[{"href":"https:\/\/portal.fgeo.gob.mx\/index.php\/wp-json\/wp\/v2\/noticias\/16897","targetHints":{"allow":["GET"]}}],"collection":[{"href":"https:\/\/portal.fgeo.gob.mx\/index.php\/wp-json\/wp\/v2\/noticias"}],"about":[{"href":"https:\/\/portal.fgeo.gob.mx\/index.php\/wp-json\/wp\/v2\/types\/noticias"}],"author":[{"embeddable":true,"href":"https:\/\/portal.fgeo.gob.mx\/index.php\/wp-json\/wp\/v2\/users\/2"}],"replies":[{"embeddable":true,"href":"https:\/\/portal.fgeo.gob.mx\/index.php\/wp-json\/wp\/v2\/comments?post=16897"}],"wp:featuredmedia":[{"embeddable":true,"href":"https:\/\/portal.fgeo.gob.mx\/index.php\/wp-json\/"}],"wp:attachment":[{"href":"https:\/\/portal.fgeo.gob.mx\/index.php\/wp-json\/wp\/v2\/media?parent=16897"}],"wp:term":[{"taxonomy":"post_tag","embeddable":true,"href":"https:\/\/portal.fgeo.gob.mx\/index.php\/wp-json\/wp\/v2\/tags?post=16897"},{"taxonomy":"categoria_noticias","embeddable":true,"href":"https:\/\/portal.fgeo.gob.mx\/index.php\/wp-json\/wp\/v2\/categoria_noticias?post=16897"}],"curies":[{"name":"wp","href":"https:\/\/api.w.org\/{rel}","templated":true}]}}