{"id":16895,"date":"2025-07-18T18:38:39","date_gmt":"2025-07-19T00:38:39","guid":{"rendered":"https:\/\/fge.oaxaca.gob.mx\/?post_type=noticias&amp;p=9550"},"modified":"2025-07-18T18:38:39","modified_gmt":"2025-07-19T00:38:39","slug":"boletin-1608-fiscalia-de-oaxaca-obtiene-sentencia-condenatoria-contra-narcomenudista-que-operaba-en-la-region-de-la-costa","status":"publish","type":"noticias","link":"https:\/\/portal.fgeo.gob.mx\/index.php\/archivos\/noticias\/boletin-1608-fiscalia-de-oaxaca-obtiene-sentencia-condenatoria-contra-narcomenudista-que-operaba-en-la-region-de-la-costa","title":{"rendered":"BOLET\u00cdN 1608.- Fiscal\u00eda de Oaxaca obtiene sentencia condenatoria contra narcomenudista que operaba en la regi\u00f3n de la Costa"},"content":{"rendered":"<p style=\"font-weight: 400\"><strong>Oaxaca de Ju\u00e1rez, Oax. 18 de julio de 2025<\/strong>.- La Fiscal\u00eda General del Estado de Oaxaca (FGEO) obtuvo una sentencia condenatoria de diez meses de prisi\u00f3n contra una persona del sexo masculino identificado como Roberto C.M.M., responsable por el delito contra la salud cometido en agravio de la sociedad en hechos ocurridos en la regi\u00f3n de la Costa.<\/p>\n<p style=\"font-weight: 400\">\n<p style=\"font-weight: 400\">De acuerdo a la causa penal del caso, Roberto C.M.M., fue detenido por posesi\u00f3n de drogas derivado de un reporte del Centro de Control y Comando C2 en el que alert\u00f3 que una persona del sexo masculino se encontraba tirada con aspecto sospechoso en la carretera libramiento norte cerca de la entrada de la ciudad de Santiago Pinotepa Nacional.<\/p>\n<p style=\"font-weight: 400\">\n<p style=\"font-weight: 400\">Al llegar los elementos policiales, le solicitaron se levantara para despu\u00e9s realizarle una revisi\u00f3n de rutina y, al llevar a cabo la inspecci\u00f3n legal, los elementos policiales hallaron entre sus pertenencias bolsas de marihuana, dos tel\u00e9fonos celulares, un cuchillo, tarjetas y credenciales a nombre de otra persona, motivo por el cual fue detenido y puesto a disposici\u00f3n de la autoridad ministerial.<\/p>\n<p style=\"font-weight: 400\">\n<p style=\"font-weight: 400\">Ante estos hechos, la Fiscal\u00eda de Oaxaca -a trav\u00e9s de la Vicefiscal\u00eda Regional de la Costa- reuni\u00f3 las pruebas necesarias sobre estos indicios para entregarlas al juez de la causa, quien despu\u00e9s valorarlas dict\u00f3 sentencia condenatoria de diez meses de prisi\u00f3n en contra del imputado Roberto C.M.M., por el delito contra la salud adem\u00e1s del pago de una multa econ\u00f3mica.<\/p>\n<p style=\"font-weight: 400\">\n<p style=\"font-weight: 400\">Para la Fiscal\u00eda General del Estado de Oaxaca, el combate a la venta y distribuci\u00f3n de drogas, forma parte de la estrategia de seguridad que realizan para garantizar una eficaz procuraci\u00f3n de justicia en la entidad.<\/p>\n<p style=\"font-weight: 400\">\n","protected":false},"author":2,"featured_media":9547,"comment_status":"closed","ping_status":"closed","template":"","tags":[],"categoria_noticias":[],"class_list":["post-16895","noticias","type-noticias","status-publish","has-post-thumbnail","hentry"],"acf":[],"mb":[],"mfb_rest_fields":["title","gutenberg_elementor_mode"],"_links":{"self":[{"href":"https:\/\/portal.fgeo.gob.mx\/index.php\/wp-json\/wp\/v2\/noticias\/16895","targetHints":{"allow":["GET"]}}],"collection":[{"href":"https:\/\/portal.fgeo.gob.mx\/index.php\/wp-json\/wp\/v2\/noticias"}],"about":[{"href":"https:\/\/portal.fgeo.gob.mx\/index.php\/wp-json\/wp\/v2\/types\/noticias"}],"author":[{"embeddable":true,"href":"https:\/\/portal.fgeo.gob.mx\/index.php\/wp-json\/wp\/v2\/users\/2"}],"replies":[{"embeddable":true,"href":"https:\/\/portal.fgeo.gob.mx\/index.php\/wp-json\/wp\/v2\/comments?post=16895"}],"wp:featuredmedia":[{"embeddable":true,"href":"https:\/\/portal.fgeo.gob.mx\/index.php\/wp-json\/"}],"wp:attachment":[{"href":"https:\/\/portal.fgeo.gob.mx\/index.php\/wp-json\/wp\/v2\/media?parent=16895"}],"wp:term":[{"taxonomy":"post_tag","embeddable":true,"href":"https:\/\/portal.fgeo.gob.mx\/index.php\/wp-json\/wp\/v2\/tags?post=16895"},{"taxonomy":"categoria_noticias","embeddable":true,"href":"https:\/\/portal.fgeo.gob.mx\/index.php\/wp-json\/wp\/v2\/categoria_noticias?post=16895"}],"curies":[{"name":"wp","href":"https:\/\/api.w.org\/{rel}","templated":true}]}}