{"id":16894,"date":"2025-07-18T11:44:16","date_gmt":"2025-07-18T17:44:16","guid":{"rendered":"https:\/\/fge.oaxaca.gob.mx\/?post_type=noticias&amp;p=9546"},"modified":"2025-07-18T11:44:16","modified_gmt":"2025-07-18T17:44:16","slug":"boletin-1607-fiscalia-de-oaxaca-obtiene-vinculacion-a-proceso-contra-imputado-por-secuestro-cometido-en-la-mixteca","status":"publish","type":"noticias","link":"https:\/\/portal.fgeo.gob.mx\/index.php\/archivos\/noticias\/boletin-1607-fiscalia-de-oaxaca-obtiene-vinculacion-a-proceso-contra-imputado-por-secuestro-cometido-en-la-mixteca","title":{"rendered":"BOLET\u00cdN 1,607.- Fiscal\u00eda de Oaxaca obtiene vinculaci\u00f3n a proceso contra imputado por secuestro cometido en la Mixteca"},"content":{"rendered":"<p><strong>\u00a0<\/strong><\/p>\n<ul>\n<li><em>En estos hechos, agredieron a los elementos de la AEI que implementaron el operativo en el que uno de los Agentes perdi\u00f3 la vida en el cumplimiento de su deber<\/em><\/li>\n<\/ul>\n<p><em>\u00a0<\/em><\/p>\n<p><strong>Oaxaca de Ju\u00e1rez, Oax. 18 de julio de 2025<\/strong>.- \u00a0Como parte de las labores de investigaci\u00f3n ministerial para el combate de los delitos de alto impacto, la Fiscal\u00eda General del Estado de Oaxaca (FGEO) obtuvo auto de vinculaci\u00f3n a proceso y prisi\u00f3n en contra de una persona del sexo masculino identificada como C.D.E.P., imputado por el delito de secuestro agravado, tentativa de homicidio y homicidio de un Agente Estatal de Investigaci\u00f3n, ocurrido en la regi\u00f3n Mixteca.<\/p>\n<p>&nbsp;<\/p>\n<p>Conforme a lo establecido en el expediente penal, la vinculaci\u00f3n a proceso deriva por hechos ocurridos la noche del mi\u00e9rcoles 7 de mayo de 2025, en que la FGEO recibi\u00f3 el reporte sobre la comisi\u00f3n del secuestro de una persona del sexo masculino, quien fue privado ilegalmente de la libertad en el municipio de San Miguel El Grande.<\/p>\n<p>&nbsp;<\/p>\n<p>La investigaci\u00f3n detalla que durante el operativo encabezado por Agentes Estatales de Investigaci\u00f3n (AEI) y coordinado con la Polic\u00eda Vial Estatal, efectuado en San Pedro y San Pablo Teposcolula, lograron la liberaci\u00f3n con vida de la v\u00edctima, adem\u00e1s de la detenci\u00f3n los probables responsables, originarios de la Ciudad de M\u00e9xico y del Estado de M\u00e9xico, a quienes les aseguraron armas largas exclusivas del Ej\u00e9rcito, mientras que, en el cumplimiento de su deber, perdi\u00f3 la vida un agente investigador de iniciales I.J.A.R. con n\u00famero de placa 653 y otro m\u00e1s result\u00f3 lesionado.<\/p>\n<p>&nbsp;<\/p>\n<p>Ante estos hechos, la FGEO a trav\u00e9s de la Vicefiscal\u00eda Regional de la Mixteca, llev\u00f3 ante el juez al detenido por su participaci\u00f3n en la comisi\u00f3n de los delitos de secuestro, homicidio y lesiones por lo que quedaron a disposici\u00f3n de la autoridad correspondiente.<\/p>\n<p>&nbsp;<\/p>\n<p>Una vez que el Juez de la causa valor\u00f3 todas las pruebas aportadas por la FGEO, dict\u00f3 vinculaci\u00f3n o proceso en contra de C.D.E.P., por su participaci\u00f3n en la comisi\u00f3n de los delitos de secuestro, homicidio y lesiones e impuso la medida cautelar de prisi\u00f3n preventiva oficiosa, otorgando tres meses para el cierre de las investigaciones.<\/p>\n<p>&nbsp;<\/p>\n<p>La FGEO reitera su compromiso de realizar los trabajos necesarios para castigar con todo el rigor de la Ley a los responsables de estos delitos que buscan lacerar el tejido social en nuestra entidad.<\/p>\n","protected":false},"author":2,"featured_media":9547,"comment_status":"closed","ping_status":"closed","template":"","tags":[],"categoria_noticias":[],"class_list":["post-16894","noticias","type-noticias","status-publish","has-post-thumbnail","hentry"],"acf":[],"mb":[],"mfb_rest_fields":["title","gutenberg_elementor_mode"],"_links":{"self":[{"href":"https:\/\/portal.fgeo.gob.mx\/index.php\/wp-json\/wp\/v2\/noticias\/16894","targetHints":{"allow":["GET"]}}],"collection":[{"href":"https:\/\/portal.fgeo.gob.mx\/index.php\/wp-json\/wp\/v2\/noticias"}],"about":[{"href":"https:\/\/portal.fgeo.gob.mx\/index.php\/wp-json\/wp\/v2\/types\/noticias"}],"author":[{"embeddable":true,"href":"https:\/\/portal.fgeo.gob.mx\/index.php\/wp-json\/wp\/v2\/users\/2"}],"replies":[{"embeddable":true,"href":"https:\/\/portal.fgeo.gob.mx\/index.php\/wp-json\/wp\/v2\/comments?post=16894"}],"wp:featuredmedia":[{"embeddable":true,"href":"https:\/\/portal.fgeo.gob.mx\/index.php\/wp-json\/"}],"wp:attachment":[{"href":"https:\/\/portal.fgeo.gob.mx\/index.php\/wp-json\/wp\/v2\/media?parent=16894"}],"wp:term":[{"taxonomy":"post_tag","embeddable":true,"href":"https:\/\/portal.fgeo.gob.mx\/index.php\/wp-json\/wp\/v2\/tags?post=16894"},{"taxonomy":"categoria_noticias","embeddable":true,"href":"https:\/\/portal.fgeo.gob.mx\/index.php\/wp-json\/wp\/v2\/categoria_noticias?post=16894"}],"curies":[{"name":"wp","href":"https:\/\/api.w.org\/{rel}","templated":true}]}}