{"id":16893,"date":"2025-07-17T12:51:39","date_gmt":"2025-07-17T18:51:39","guid":{"rendered":"https:\/\/fge.oaxaca.gob.mx\/?post_type=noticias&amp;p=9540"},"modified":"2025-07-17T12:51:39","modified_gmt":"2025-07-17T18:51:39","slug":"boletin-1606-fiscalia-de-oaxaca-obtiene-vinculacion-a-proceso-y-prision-contra-tres-personas-por-homicidio-cometido-en-la-central-de-abasto","status":"publish","type":"noticias","link":"https:\/\/portal.fgeo.gob.mx\/index.php\/archivos\/noticias\/boletin-1606-fiscalia-de-oaxaca-obtiene-vinculacion-a-proceso-y-prision-contra-tres-personas-por-homicidio-cometido-en-la-central-de-abasto","title":{"rendered":"BOLET\u00cdN 1,606.- Fiscal\u00eda de Oaxaca obtiene vinculaci\u00f3n a proceso y prisi\u00f3n contra tres personas por homicidio cometido en la Central de Abasto"},"content":{"rendered":"<p>&nbsp;<\/p>\n<p><strong>Oaxaca de Ju\u00e1rez, Oax. 17 de julio de 2025.-<\/strong> La Fiscal\u00eda General del Estado de Oaxaca (FGEO) obtuvo auto de vinculaci\u00f3n a proceso en contra de tres personas del sexo masculino identificados como J.F.R.C., alias \u201cEl Chucky\u201d; L.A.P.T., alias \u201cEl Barbas\u201d y E.R.G.G., alias \u201cEl Catracho\u201d, probables responsables del delito de homicidio calificado, cometido en inmediaciones de la Central de Abasto, en la ciudad de Oaxaca de Ju\u00e1rez.<\/p>\n<p>&nbsp;<\/p>\n<p>De acuerdo con el expediente penal, los hechos ocurrieron la ma\u00f1ana del viernes 4 de julio de 2025, en la zona modular poniente, en el M\u00f3dulo \u201cL\u201d de la Central de Abasto, en la ciudad de Oaxaca de Ju\u00e1rez, a donde lleg\u00f3 un grupo de personas para discutir con la v\u00edctima, identificada como F.S.G., alias \u201cLa Rubia\u201d.<\/p>\n<p>&nbsp;<\/p>\n<p>Derivado de la discusi\u00f3n, uno de los agresores empu\u00f1\u00f3 un arma de fuego y realiz\u00f3 disparos en contra de la v\u00edctima, quien result\u00f3 con lesiones a consecuencia de las cuales perdi\u00f3 la vida.<\/p>\n<p>&nbsp;<\/p>\n<p>Luego de que la FGEO tom\u00f3 conocimiento del caso, despleg\u00f3 a un equipo multidisciplinario de la Fiscal\u00eda Especializada para la Atenci\u00f3n a Delitos de Alto Impacto y la Agencia Estatal de Investigaciones (AEI) que, en coordinaci\u00f3n con el Mando de Coordinaci\u00f3n y Seguridad Metropolitana, realizaron las diligencias y perfilaron las l\u00edneas de investigaci\u00f3n, gracias a las cuales fue posible identificar y aprehender a los imputados.<\/p>\n<p>&nbsp;<\/p>\n<p>En audiencia y tras validar los datos de prueba proporcionados por la Fiscal\u00eda de Oaxaca, el Juez en turno determin\u00f3 vincular a proceso a J.F.R.C., alias \u201cEl Chucky\u201d; L.A.P.T., alias \u201cEl Barbas\u201d y E.R.G.G., alias \u201cEl Catracho\u201d, por el delito de homicidio calificado, imponiendo la medida cautelar de prisi\u00f3n preventiva, adem\u00e1s de otorgar el plazo de dos meses para el cierre de la investigaci\u00f3n complementaria.<\/p>\n<p>&nbsp;<\/p>\n<p>En delitos de alto impacto, la Fiscal\u00eda General garantiza investigaciones exhaustivas, a fin de presentar ante la justicia a quien o quienes resulten responsables.<\/p>\n<p><img fetchpriority=\"high\" decoding=\"async\" class=\"alignnone size-medium wp-image-9541\" src=\"https:\/\/portal.fgeo.gob.mx\/wp-content\/uploads\/2025\/07\/WhatsApp-Image-2025-07-07-at-1.01.35-PM-2-232x300.jpeg\" alt=\"\" width=\"232\" height=\"300\" \/> <img decoding=\"async\" class=\"alignnone size-medium wp-image-9542\" src=\"https:\/\/portal.fgeo.gob.mx\/wp-content\/uploads\/2025\/07\/WhatsApp-Image-2025-07-07-at-1.01.35-PM-1-232x300.jpeg\" alt=\"\" width=\"232\" height=\"300\" \/> <img decoding=\"async\" class=\"alignnone size-medium wp-image-9543\" src=\"https:\/\/portal.fgeo.gob.mx\/wp-content\/uploads\/2025\/07\/WhatsApp-Image-2025-07-07-at-1.01.35-PM-232x300.jpeg\" alt=\"\" width=\"232\" height=\"300\" \/><\/p>\n","protected":false},"author":2,"featured_media":9436,"comment_status":"closed","ping_status":"closed","template":"","tags":[],"categoria_noticias":[],"class_list":["post-16893","noticias","type-noticias","status-publish","has-post-thumbnail","hentry"],"acf":[],"mb":[],"mfb_rest_fields":["title","gutenberg_elementor_mode"],"_links":{"self":[{"href":"https:\/\/portal.fgeo.gob.mx\/index.php\/wp-json\/wp\/v2\/noticias\/16893","targetHints":{"allow":["GET"]}}],"collection":[{"href":"https:\/\/portal.fgeo.gob.mx\/index.php\/wp-json\/wp\/v2\/noticias"}],"about":[{"href":"https:\/\/portal.fgeo.gob.mx\/index.php\/wp-json\/wp\/v2\/types\/noticias"}],"author":[{"embeddable":true,"href":"https:\/\/portal.fgeo.gob.mx\/index.php\/wp-json\/wp\/v2\/users\/2"}],"replies":[{"embeddable":true,"href":"https:\/\/portal.fgeo.gob.mx\/index.php\/wp-json\/wp\/v2\/comments?post=16893"}],"wp:featuredmedia":[{"embeddable":true,"href":"https:\/\/portal.fgeo.gob.mx\/index.php\/wp-json\/"}],"wp:attachment":[{"href":"https:\/\/portal.fgeo.gob.mx\/index.php\/wp-json\/wp\/v2\/media?parent=16893"}],"wp:term":[{"taxonomy":"post_tag","embeddable":true,"href":"https:\/\/portal.fgeo.gob.mx\/index.php\/wp-json\/wp\/v2\/tags?post=16893"},{"taxonomy":"categoria_noticias","embeddable":true,"href":"https:\/\/portal.fgeo.gob.mx\/index.php\/wp-json\/wp\/v2\/categoria_noticias?post=16893"}],"curies":[{"name":"wp","href":"https:\/\/api.w.org\/{rel}","templated":true}]}}